{"id":911,"date":"2026-03-17T10:30:14","date_gmt":"2026-03-17T10:30:14","guid":{"rendered":"https:\/\/pedalmoto.com\/blog\/?p=911"},"modified":"2026-03-30T12:12:38","modified_gmt":"2026-03-30T12:12:38","slug":"se-puede-mojar-una-bicicleta-electrica-guia-de-limpieza-y-lluvia","status":"publish","type":"post","link":"https:\/\/pedalmoto.com\/blog\/se-puede-mojar-una-bicicleta-electrica-guia-de-limpieza-y-lluvia\/","title":{"rendered":"\u00bfSe puede mojar una bicicleta el\u00e9ctrica? Gu\u00eda de limpieza y lluvia"},"content":{"rendered":"\n<p>\u00bfAlguna vez has salido a rodar con el cielo despejado y, a mitad de camino, te ha sorprendido una tormenta? <strong>Si es tu primera vez pedaleando con asistencia, es completamente normal que te asalte el p\u00e1nico.<\/strong> Al fin y al cabo, llevas un motor, una bater\u00eda y una pantalla electr\u00f3nica bajo el agua. La pregunta que pasa por la cabeza de todo ciclista en ese instante es clara: <strong>\u00bfSe puede mojar una bicicleta el\u00e9ctrica?<\/strong> <\/p>\n\n\n\n<p><strong>La respuesta corta es un rotundo s\u00ed. <\/strong>Las bicicletas de pedaleo asistido est\u00e1n dise\u00f1adas para soportar las inclemencias del tiempo, pero eso no significa que sean submarinos. <strong>El agua y la electr\u00f3nica pueden convivir, siempre y cuando sepas c\u00f3mo proteger tu inversi\u00f3n. <\/strong>En este art\u00edculo, como expertos en ciclismo, te explicamos c\u00f3mo actuar bajo la lluvia y te damos la gu\u00eda definitiva para lavar tu e-bike de forma totalmente segura.<\/p>\n\n\n\n<h2 class=\"wp-block-heading\">La gran duda: \u00bfSe puede mojar una bicicleta el\u00e9ctrica?<\/h2>\n\n\n\n<p>Los fabricantes de primer nivel saben perfectamente que el ciclismo es un deporte al aire libre. Por ello, los componentes cr\u00edticos de tu bicicleta, <strong>como el motor, el cableado interno y el alojamiento de la bater\u00eda, cuentan con certificaciones de resistencia al agua (generalmente protecci\u00f3n IP54 o superior). <\/strong>Esto significa que soportan sin problemas las salpicaduras, el barro y la lluvia continuada.<\/p>\n\n\n\n<p>Sin embargo, <strong>hay una diferencia enorme entre que tu bicicleta se moje por la lluvia y someterla a inmersiones o agua a presi\u00f3n. <\/strong>El dise\u00f1o de las e-bikes permite que el agua fluya y drene hacia el exterior, protegiendo los contactos el\u00e9ctricos para que no se produzcan cortocircuitos.<\/p>\n\n\n\n<h3 class=\"wp-block-heading\">Qu\u00e9 hacer si te sorprende una tormenta pedaleando<\/h3>\n\n\n\n<p>Si la lluvia te pilla en mitad de una ruta, <strong>la tormenta no tiene por qu\u00e9 detenerte. <\/strong>De hecho, la tracci\u00f3n adicional que proporciona el motor puede ser de gran ayuda en terrenos resbaladizos. <strong>Solo debes seguir estos consejos pr\u00e1cticos:<\/strong><\/p>\n\n\n\n<ul class=\"wp-block-list\">\n<li><strong>Evita los charcos profundos:<\/strong> pasar por un charco poco profundo no es un problema, pero si el agua llega a la altura del buje del motor o del eje de pedalier, corres el riesgo de que el agua se filtre en los rodamientos o en el propio sistema el\u00e9ctrico.<\/li>\n\n\n\n<li><strong>Reduce la presi\u00f3n de los neum\u00e1ticos:<\/strong> en terrenos mojados, bajar ligeramente la presi\u00f3n te dar\u00e1 un agarre extra vital para evitar resbalones.<\/li>\n\n\n\n<li><strong>Anticipa la frenada:<\/strong> los frenos de disco (especialmente si est\u00e1n mojados) pueden tardar un poco m\u00e1s en reaccionar. Frena antes y de manera suave.<\/li>\n\n\n\n<li><strong>Mant\u00e9n las luces encendidas:<\/strong> la visibilidad bajo la lluvia se reduce dr\u00e1sticamente. Aseg\u00farate de encender las luces integradas de tu e-bike.<\/li>\n<\/ul>\n\n\n\n<p>Tanto si eres de los que disfrutan del barro con las <a target=\"_blank\" rel=\"noreferrer noopener\" href=\"https:\/\/pedalmoto.com\/es\/3268-bicicletas-electricas-de-montana\">bicicletas el\u00e9ctricas de monta\u00f1a<\/a> en las rutas m\u00e1s extremas, como si utilizas a diario las <a target=\"_blank\" rel=\"noreferrer noopener\" href=\"https:\/\/pedalmoto.com\/es\/3269-bicicletas-urbanas-electricas\">bicicletas urbanas el\u00e9ctricas<\/a> para ir al trabajo bajo el clima de la ciudad, tu e-bike responder\u00e1 a la perfecci\u00f3n.<\/p>\n\n\n\n<figure class=\"wp-block-image size-full\"><img loading=\"lazy\" decoding=\"async\" width=\"933\" height=\"622\" src=\"http:\/\/pedalmoto.com\/blog\/wp-content\/uploads\/2026\/03\/se-pueden-mojar-las-bicicletas-electricas.jpg\" alt=\"se pueden mojar las bicicletas electricas\" class=\"wp-image-918\" srcset=\"https:\/\/pedalmoto.com\/blog\/wp-content\/uploads\/2026\/03\/se-pueden-mojar-las-bicicletas-electricas.jpg 933w, https:\/\/pedalmoto.com\/blog\/wp-content\/uploads\/2026\/03\/se-pueden-mojar-las-bicicletas-electricas-300x200.jpg 300w, https:\/\/pedalmoto.com\/blog\/wp-content\/uploads\/2026\/03\/se-pueden-mojar-las-bicicletas-electricas-768x512.jpg 768w\" sizes=\"auto, (max-width: 933px) 100vw, 933px\" \/><\/figure>\n\n\n\n<h2 class=\"wp-block-heading\">Gu\u00eda de limpieza: c\u00f3mo lavar tu bicicleta el\u00e9ctrica paso a paso<\/h2>\n\n\n\n<p>Una vez que llegas a casa con la bicicleta cubierta de barro o empapada por la lluvia, llega el momento cr\u00edtico. <strong>Un mal lavado puede causar m\u00e1s da\u00f1os que la peor de las tormentas. <\/strong>Sigue estos pasos para mantener tu e-bike impecable y alargar la vida \u00fatil de sus componentes electr\u00f3nicos.<\/p>\n\n\n\n<h3 class=\"wp-block-heading\">1. Preparaci\u00f3n: bater\u00eda y displays electr\u00f3nicos<\/h3>\n\n\n\n<p>Antes de que una sola gota de agua de lavado toque la bicicleta, debes prepararla.<\/p>\n\n\n\n<ul class=\"wp-block-list\">\n<li><strong>Retira la bater\u00eda:<\/strong> Si tu bater\u00eda es extra\u00edble, qu\u00edtala de su soporte. Puedes limpiar la carcasa de la bater\u00eda por separado con un pa\u00f1o ligeramente h\u00famedo.<\/li>\n\n\n\n<li><strong>Protege las conexiones:<\/strong> Si los conectores de la bater\u00eda quedan expuestos, los fabricantes (como Bosch) recomiendan que est\u00e9n limpios para que el agua drene sola, pero puedes cubrirlos con un pa\u00f1o seco o usar tapones protectores de neopreno.<\/li>\n\n\n\n<li><strong>Quita los displays extra\u00edbles:<\/strong> Si tu pantalla (como las Kiox o Nyon) se puede quitar, hazlo. Si es fija, simplemente ten cuidado de no dirigir el chorro de agua hacia ella y c\u00fabrela con una peque\u00f1a bolsa de pl\u00e1stico o film protector.<\/li>\n<\/ul>\n\n\n\n<h3 class=\"wp-block-heading\">2. Lavado seguro sin da\u00f1ar el motor<\/h3>\n\n\n\n<p>Ahora s\u00ed, es el momento de limpiar. Para ello, <strong>utiliza agua a baja presi\u00f3n (una manguera de jard\u00edn est\u00e1ndar sin la boquilla difusora cerrada) o un cubo de agua.<\/strong><\/p>\n\n\n\n<p><strong>Humedece la bicicleta desde arriba hacia abajo. <\/strong>Utiliza un limpiador espec\u00edfico para <a href=\"https:\/\/pedalmoto.com\/es\/2001-bicicletas\">bicicletas<\/a> y apl\u00edcalo <strong>con un cepillo suave o una esponja. <\/strong>En nuestra secci\u00f3n de <a href=\"https:\/\/www.google.com\/url?sa=E&amp;source=gmail&amp;q=https:\/\/pedalmoto.com\/es\/mantenimiento-limpieza\" target=\"_blank\" rel=\"noreferrer noopener\">productos de mantenimiento y limpieza<\/a> encontrar\u00e1s jabones desengrasantes respetuosos con los retenes de la horquilla y la pintura de tu cuadro.<\/p>\n\n\n\n<p><strong>Presta especial atenci\u00f3n a la zona del c\u00e1rter del motor, limpi\u00e1ndola suavemente con un cepillo, eliminando los restos de barro o sal <\/strong>(especialmente peligroso si vives en zonas costeras o ha nevado). El motor est\u00e1 sellado, pero rascar el barro seco con brusquedad podr\u00eda da\u00f1ar los sellos externos.<\/p>\n\n\n\n<h3 class=\"wp-block-heading\">3. Secado y lubricaci\u00f3n de componentes<\/h3>\n\n\n\n<p>Dejar la bicicleta h\u00fameda es el camino directo hacia la oxidaci\u00f3n de la cadena y la torniller\u00eda. <strong>Usa un trapo de microfibra limpio para secar todo el cuadro,<\/strong> deteni\u00e9ndote especialmente en los contactos de la base de la bater\u00eda. Aseg\u00farate de que los pines met\u00e1licos est\u00e1n completamente secos antes de volver a colocarla.<\/p>\n\n\n\n<p>Una vez la e-bike est\u00e9 seca, es el momento de lubricar. <strong>Aplica lubricante espec\u00edfico para cadenas de bicicletas el\u00e9ctricas (soportan mejor la tensi\u00f3n que genera el motor).<\/strong> <strong>\u00a1Mucho cuidado! Aseg\u00farate de que el aceite no caiga sobre los discos ni las pastillas de freno,<\/strong> ya que los contaminar\u00eda y perder\u00edas eficacia de frenado.<\/p>\n\n\n\n<h2 class=\"wp-block-heading\">Lo que NUNCA debes hacer al limpiar tu e-bike<\/h2>\n\n\n\n<p>Para evitar disgustos y visitas innecesarias al taller, gr\u00e1bate a fuego estas tres reglas de oro:<\/p>\n\n\n\n<ol start=\"1\" class=\"wp-block-list\">\n<li><strong>NUNCA uses agua a alta presi\u00f3n:<\/strong>las hidrolimpiadoras o m\u00e1quinas de lavado a presi\u00f3n de las gasolineras son el enemigo n\u00famero uno de las e-bikes. El agua a presi\u00f3n puede vencer los sellos de goma, introduci\u00e9ndose en los rodamientos del motor, bujes y direcci\u00f3n, lo que provoca \u00f3xido interno y aver\u00edas costosas.<\/li>\n\n\n\n<li><strong>No laves la bicicleta boca abajo:<\/strong> al poner la bicicleta del rev\u00e9s, el agua fluye hacia lugares por los que no est\u00e1 dise\u00f1ada para drenar, pudiendo acumularse en la electr\u00f3nica del display o los mandos.<\/li>\n\n\n\n<li><strong>No uses desengrasantes industriales agresivos:<\/strong> estos productos pueden comerse la grasa interna de los rodamientos y da\u00f1ar las juntas protectoras del motor el\u00e9ctrico. Usa siempre jabones de pH neutro espec\u00edficos para ciclismo.<\/li>\n<\/ol>\n\n\n\n<figure class=\"wp-block-image size-full\"><img loading=\"lazy\" decoding=\"async\" width=\"934\" height=\"622\" src=\"http:\/\/pedalmoto.com\/blog\/wp-content\/uploads\/2026\/03\/Se-puede-mojar-bicicleta-electrica.jpg\" alt=\"Se puede mojar bicicleta el\u00e9ctrica\" class=\"wp-image-919\" srcset=\"https:\/\/pedalmoto.com\/blog\/wp-content\/uploads\/2026\/03\/Se-puede-mojar-bicicleta-electrica.jpg 934w, https:\/\/pedalmoto.com\/blog\/wp-content\/uploads\/2026\/03\/Se-puede-mojar-bicicleta-electrica-300x200.jpg 300w, https:\/\/pedalmoto.com\/blog\/wp-content\/uploads\/2026\/03\/Se-puede-mojar-bicicleta-electrica-768x511.jpg 768w\" sizes=\"auto, (max-width: 934px) 100vw, 934px\" \/><\/figure>\n\n\n\n<h2 class=\"wp-block-heading\">Conclusi\u00f3n: Disfruta de tu e-bike sin miedo al clima<\/h2>\n\n\n\n<p>Como has podido comprobar,<strong> la lluvia no es excusa para quedarse en casa ni para dejar tu bicicleta sucia despu\u00e9s de una ruta intensa. <\/strong>Las bicicletas de pedaleo asistido son m\u00e1quinas robustas, fiables y preparadas para acompa\u00f1arte en cualquier aventura, siempre que las cuides con el mimo que merecen.<\/p>\n\n\n\n<p>Si aplicas estos sencillos pasos de limpieza y mantenimiento, <strong>garantizar\u00e1s que tu motor empuje con la misma fuerza del primer d\u00eda y que la bater\u00eda mantenga su m\u00e1xima autonom\u00eda.<\/strong><\/p>\n\n\n\n<p>\u00bfTu antigua bicicleta ya no rinde como deber\u00eda y est\u00e1s pensando en dar el salto a una nueva aventura asistida? Te invitamos a explorar nuestro cat\u00e1logo en Pedalmoto:<\/p>\n\n\n\n<div class=\"external-products-container\"><div class=\"trv-containers-products\">\n            <article class=\"bike-card text-left\">\n                <a href=\"https:\/\/pedalmoto.com\/es\/bicicletas-electricas-de-montana\/5883-cube-reaction-hybrid-slx-750-2023.html\" title=\"Cube Reaction Hybrid SLX 750 2024\">\n                    <div class=\"flags\"><span class=\"badge badge-discount ms-2 mr-2\">-36%<\/span><\/div>\n                    <img decoding=\"async\" src=\"https:\/\/pedalmoto.com\/11129-home_default\/cube-reaction-hybrid-slx-750-2023.jpg\" alt=\"Cube Reaction Hybrid SLX 750 2024\" class=\"product-img img-responsive\" loading=\"lazy\" \/>\n                    <span class=\"bike-title m-0 mb-2 title-h\">Cube Reaction Hybrid SLX 750 2024<\/span>\n                    <span class=\"prices\">\n                        <span class=\"price h4\">2.699,00\u00a0\u20ac<\/span><span class=\"price h4 small\"><span class=\"old-price\">4.249,00\u00a0\u20ac<\/span><\/span>\n                    <\/span>\n                <\/a>\n            <\/article>\n        \n            <article class=\"bike-card text-left\">\n                <a href=\"https:\/\/pedalmoto.com\/es\/bicicletas-electricas-de-montana\/7232-cube-ams-hybrid-one44-c68x-tm-400x-2024.html\" title=\"Cube Ams Hybrid One44 C:68X TM 400x 2025\">\n                    <div class=\"flags\"><span class=\"badge badge-discount ms-2 mr-2\">-24%<\/span><\/div>\n                    <img decoding=\"async\" src=\"https:\/\/pedalmoto.com\/14078-home_default\/cube-ams-hybrid-one44-c68x-tm-400x-2024.jpg\" alt=\"Cube Ams Hybrid One44 C:68X TM 400x 2025\" class=\"product-img img-responsive\" loading=\"lazy\" \/>\n                    <span class=\"bike-title m-0 mb-2 title-h\">Cube Ams Hybrid One44 C:68X TM 400x 2025<\/span>\n                    <span class=\"prices\">\n                        <span class=\"price h4\">5.099,00\u00a0\u20ac<\/span><span class=\"price h4 small\"><span class=\"old-price\">6.699,00\u00a0\u20ac<\/span><\/span>\n                    <\/span>\n                <\/a>\n            <\/article>\n        \n            <article class=\"bike-card text-left\">\n                <a href=\"https:\/\/pedalmoto.com\/es\/bicicletas-electricas-de-montana\/7285-cube-ams-hybrid-one44-c68x-slt-400x-2024.html\" title=\"Cube AMS Hybrid One44 C:68x SLT 400x 2025\">\n                    <div class=\"flags\"><span class=\"badge badge-discount ms-2 mr-2\">-28%<\/span><\/div>\n                    <img decoding=\"async\" src=\"https:\/\/pedalmoto.com\/14349-home_default\/cube-ams-hybrid-one44-c68x-slt-400x-2024.jpg\" alt=\"Cube AMS Hybrid One44 C:68x SLT 400x 2025\" class=\"product-img img-responsive\" loading=\"lazy\" \/>\n                    <span class=\"bike-title m-0 mb-2 title-h\">Cube AMS Hybrid One44 C:68x SLT 400x 2025<\/span>\n                    <span class=\"prices\">\n                        <span class=\"price h4\">5.999,00\u00a0\u20ac<\/span><span class=\"price h4 small\"><span class=\"old-price\">8.299,00\u00a0\u20ac<\/span><\/span>\n                    <\/span>\n                <\/a>\n            <\/article>\n        \n            <article class=\"bike-card text-left\">\n                <a href=\"https:\/\/pedalmoto.com\/es\/bicicletas-urbanas-electricas\/7740-cube-compact-hybrid-500-20-2025.html\" title=\"Cube Compact Hybrid 500 20\" 2025\">\n                    <div class=\"flags\"><span class=\"badge badge-discount ms-2 mr-2\">-15%<\/span><\/div>\n                    <img decoding=\"async\" src=\"https:\/\/pedalmoto.com\/16131-home_default\/cube-compact-hybrid-500-20-2025.jpg\" alt=\"Cube Compact Hybrid 500 20\" 2025\" class=\"product-img img-responsive\" loading=\"lazy\" \/>\n                    <span class=\"bike-title m-0 mb-2 title-h\">Cube Compact Hybrid 500 20\" 2025<\/span>\n                    <span class=\"prices\">\n                        <span class=\"price h4\">2.249,00\u00a0\u20ac<\/span><span class=\"price h4 small\"><span class=\"old-price\">2.649,00\u00a0\u20ac<\/span><\/span>\n                    <\/span>\n                <\/a>\n            <\/article>\n        \n            <article class=\"bike-card text-left\">\n                <a href=\"https:\/\/pedalmoto.com\/es\/bicicletas-electricas-de-montana\/7741-cube-reaction-hybrid-performance-625-2025.html\" title=\"Cube Reaction Hybrid Performance 625 2025\">\n                    <div class=\"flags\"><span class=\"badge badge-discount ms-2 mr-2\">-15%<\/span><\/div>\n                    <img decoding=\"async\" src=\"https:\/\/pedalmoto.com\/16110-home_default\/cube-reaction-hybrid-performance-625-2025.jpg\" alt=\"Cube Reaction Hybrid Performance 625 2025\" class=\"product-img img-responsive\" loading=\"lazy\" \/>\n                    <span class=\"bike-title m-0 mb-2 title-h\">Cube Reaction Hybrid Performance 625 2025<\/span>\n                    <span class=\"prices\">\n                        <span class=\"price h4\">2.251,00\u00a0\u20ac<\/span><span class=\"price h4 small\"><span class=\"old-price\">2.649,00\u00a0\u20ac<\/span><\/span>\n                    <\/span>\n                <\/a>\n            <\/article>\n        \n            <article class=\"bike-card text-left\">\n                <a href=\"https:\/\/pedalmoto.com\/es\/-bicicletas-para-ninos\/7765-cube-acid-240-hybrid-rookie-pro-400-actionteam-2025.html\" title=\"Cube Acid 240 Hybrid Rookie Pro 400 Actionteam 2025\">\n                    <div class=\"flags\"><span class=\"badge badge-discount ms-2 mr-2\">-7%<\/span><\/div>\n                    <img decoding=\"async\" src=\"https:\/\/pedalmoto.com\/16081-home_default\/cube-acid-240-hybrid-rookie-pro-400-actionteam-2025.jpg\" alt=\"Cube Acid 240 Hybrid Rookie Pro 400 Actionteam 2025\" class=\"product-img img-responsive\" loading=\"lazy\" \/>\n                    <span class=\"bike-title m-0 mb-2 title-h\">Cube Acid 240 Hybrid Rookie Pro 400 Actionteam 2025<\/span>\n                    <span class=\"prices\">\n                        <span class=\"price h4\">1.899,00\u00a0\u20ac<\/span><span class=\"price h4 small\"><span class=\"old-price\">2.049,00\u00a0\u20ac<\/span><\/span>\n                    <\/span>\n                <\/a>\n            <\/article>\n        \n            <article class=\"bike-card text-left\">\n                <a href=\"https:\/\/pedalmoto.com\/es\/bicicletas-electricas-de-montana\/7839-cube-stereo-hybrid-one77-hpc-at-carbongold-2025.html\" title=\"Cube Stereo Hybrid One77 HPC AT Carbon\/Gold 800 2025\">\n                    <div class=\"flags\"><span class=\"badge badge-discount ms-2 mr-2\">-15%<\/span><\/div>\n                    <img decoding=\"async\" src=\"https:\/\/pedalmoto.com\/17251-home_default\/cube-stereo-hybrid-one77-hpc-at-carbongold-2025.jpg\" alt=\"Cube Stereo Hybrid One77 HPC AT Carbon\/Gold 800 2025\" class=\"product-img img-responsive\" loading=\"lazy\" \/>\n                    <span class=\"bike-title m-0 mb-2 title-h\">Cube Stereo Hybrid One77 HPC AT Carbon\/Gold 800 2025<\/span>\n                    <span class=\"prices\">\n                        <span class=\"price h4\">6.289,00\u00a0\u20ac<\/span><span class=\"price h4 small\"><span class=\"old-price\">7.399,00\u00a0\u20ac<\/span><\/span>\n                    <\/span>\n                <\/a>\n            <\/article>\n        \n            <article class=\"bike-card text-left\">\n                <a href=\"https:\/\/pedalmoto.com\/es\/bicicletas-electricas-de-montana\/7840-cube-stereo-hybrid-one77-hpc-at-actionteam-2025.html\" title=\"Cube Stereo Hybrid One77 HPC AT Actionteam 800 2025\">\n                    <div class=\"flags\"><span class=\"badge badge-discount ms-2 mr-2\">-15%<\/span><\/div>\n                    <img decoding=\"async\" src=\"https:\/\/pedalmoto.com\/17263-home_default\/cube-stereo-hybrid-one77-hpc-at-actionteam-2025.jpg\" alt=\"Cube Stereo Hybrid One77 HPC AT Actionteam 800 2025\" class=\"product-img img-responsive\" loading=\"lazy\" \/>\n                    <span class=\"bike-title m-0 mb-2 title-h\">Cube Stereo Hybrid One77 HPC AT Actionteam 800 2025<\/span>\n                    <span class=\"prices\">\n                        <span class=\"price h4\">6.289,00\u00a0\u20ac<\/span><span class=\"price h4 small\"><span class=\"old-price\">7.399,00\u00a0\u20ac<\/span><\/span>\n                    <\/span>\n                <\/a>\n            <\/article>\n        <\/div><\/div>\n","protected":false},"excerpt":{"rendered":"<p>\u00bfAlguna vez has salido a rodar con el cielo despejado y, a mitad de camino, te ha sorprendido una tormenta? Si es tu primera vez pedaleando con asistencia, es completamente normal que te asalte el p\u00e1nico. Al fin y al cabo, llevas un motor, una bater\u00eda y una pantalla electr\u00f3nica bajo el agua. La pregunta [&hellip;]<\/p>\n","protected":false},"author":2,"featured_media":917,"comment_status":"open","ping_status":"open","sticky":false,"template":"","format":"standard","meta":{"_acf_changed":false,"footnotes":""},"categories":[4,27],"tags":[],"class_list":["post-911","post","type-post","status-publish","format-standard","has-post-thumbnail","hentry","category-bicicleta-electrica","category-mantenimiento-para-bicicletas"],"acf":[],"yoast_head":"<!-- This site is optimized with the Yoast SEO plugin v24.7 - https:\/\/yoast.com\/wordpress\/plugins\/seo\/ -->\n<title>\u00bfSe puede mojar una bicicleta el\u00e9ctrica? Gu\u00eda de limpieza y lluvia<\/title>\n<meta name=\"description\" content=\"\u00bfTe preguntas si se puede mojar una bicicleta el\u00e9ctrica? Descubre qu\u00e9 hacer bajo la lluvia y c\u00f3mo lavarla paso a paso sin da\u00f1arla.\" \/>\n<meta name=\"robots\" content=\"index, follow, max-snippet:-1, max-image-preview:large, max-video-preview:-1\" \/>\n<link rel=\"canonical\" href=\"https:\/\/pedalmoto.com\/blog\/se-puede-mojar-una-bicicleta-electrica-guia-de-limpieza-y-lluvia\/\" \/>\n<meta property=\"og:locale\" content=\"es_ES\" \/>\n<meta property=\"og:type\" content=\"article\" \/>\n<meta property=\"og:title\" content=\"\u00bfSe puede mojar una bicicleta el\u00e9ctrica? Gu\u00eda de limpieza y lluvia\" \/>\n<meta property=\"og:description\" content=\"\u00bfTe preguntas si se puede mojar una bicicleta el\u00e9ctrica? Descubre qu\u00e9 hacer bajo la lluvia y c\u00f3mo lavarla paso a paso sin da\u00f1arla.\" \/>\n<meta property=\"og:url\" content=\"https:\/\/pedalmoto.com\/blog\/se-puede-mojar-una-bicicleta-electrica-guia-de-limpieza-y-lluvia\/\" \/>\n<meta property=\"og:site_name\" content=\"Pedalmoto Blog\" \/>\n<meta property=\"article:publisher\" content=\"https:\/\/www.facebook.com\/Pedalmoto\/?locale=es_ES\" \/>\n<meta property=\"article:published_time\" content=\"2026-03-17T10:30:14+00:00\" \/>\n<meta property=\"article:modified_time\" content=\"2026-03-30T12:12:38+00:00\" \/>\n<meta property=\"og:image\" content=\"http:\/\/pedalmoto.com\/blog\/wp-content\/uploads\/2026\/03\/Se-puede-mojar-una-bicicleta-electrica.jpg\" \/>\n\t<meta property=\"og:image:width\" content=\"846\" \/>\n\t<meta property=\"og:image:height\" content=\"622\" \/>\n\t<meta property=\"og:image:type\" content=\"image\/jpeg\" \/>\n<meta name=\"author\" content=\"Pedalmoto\" \/>\n<meta name=\"twitter:card\" content=\"summary_large_image\" \/>\n<meta name=\"twitter:label1\" content=\"Written by\" \/>\n\t<meta name=\"twitter:data1\" content=\"Pedalmoto\" \/>\n\t<meta name=\"twitter:label2\" content=\"Est. reading time\" \/>\n\t<meta name=\"twitter:data2\" content=\"6 minutos\" \/>\n<!-- \/ Yoast SEO plugin. -->","yoast_head_json":{"title":"\u00bfSe puede mojar una bicicleta el\u00e9ctrica? Gu\u00eda de limpieza y lluvia","description":"\u00bfTe preguntas si se puede mojar una bicicleta el\u00e9ctrica? Descubre qu\u00e9 hacer bajo la lluvia y c\u00f3mo lavarla paso a paso sin da\u00f1arla.","robots":{"index":"index","follow":"follow","max-snippet":"max-snippet:-1","max-image-preview":"max-image-preview:large","max-video-preview":"max-video-preview:-1"},"canonical":"https:\/\/pedalmoto.com\/blog\/se-puede-mojar-una-bicicleta-electrica-guia-de-limpieza-y-lluvia\/","og_locale":"es_ES","og_type":"article","og_title":"\u00bfSe puede mojar una bicicleta el\u00e9ctrica? Gu\u00eda de limpieza y lluvia","og_description":"\u00bfTe preguntas si se puede mojar una bicicleta el\u00e9ctrica? Descubre qu\u00e9 hacer bajo la lluvia y c\u00f3mo lavarla paso a paso sin da\u00f1arla.","og_url":"https:\/\/pedalmoto.com\/blog\/se-puede-mojar-una-bicicleta-electrica-guia-de-limpieza-y-lluvia\/","og_site_name":"Pedalmoto Blog","article_publisher":"https:\/\/www.facebook.com\/Pedalmoto\/?locale=es_ES","article_published_time":"2026-03-17T10:30:14+00:00","article_modified_time":"2026-03-30T12:12:38+00:00","og_image":[{"width":846,"height":622,"url":"http:\/\/pedalmoto.com\/blog\/wp-content\/uploads\/2026\/03\/Se-puede-mojar-una-bicicleta-electrica.jpg","type":"image\/jpeg"}],"author":"Pedalmoto","twitter_card":"summary_large_image","twitter_misc":{"Written by":"Pedalmoto","Est. reading time":"6 minutos"},"schema":{"@context":"https:\/\/schema.org","@graph":[{"@type":"Article","@id":"https:\/\/pedalmoto.com\/blog\/se-puede-mojar-una-bicicleta-electrica-guia-de-limpieza-y-lluvia\/#article","isPartOf":{"@id":"https:\/\/pedalmoto.com\/blog\/se-puede-mojar-una-bicicleta-electrica-guia-de-limpieza-y-lluvia\/"},"author":{"name":"Pedalmoto","@id":"https:\/\/pedalmoto.com\/blog\/#\/schema\/person\/4b5bbd5f16800ba5a8f19fd450a44f47"},"headline":"\u00bfSe puede mojar una bicicleta el\u00e9ctrica? Gu\u00eda de limpieza y lluvia","datePublished":"2026-03-17T10:30:14+00:00","dateModified":"2026-03-30T12:12:38+00:00","mainEntityOfPage":{"@id":"https:\/\/pedalmoto.com\/blog\/se-puede-mojar-una-bicicleta-electrica-guia-de-limpieza-y-lluvia\/"},"wordCount":1295,"commentCount":0,"publisher":{"@id":"https:\/\/pedalmoto.com\/blog\/#organization"},"image":{"@id":"https:\/\/pedalmoto.com\/blog\/se-puede-mojar-una-bicicleta-electrica-guia-de-limpieza-y-lluvia\/#primaryimage"},"thumbnailUrl":"https:\/\/pedalmoto.com\/blog\/wp-content\/uploads\/2026\/03\/Se-puede-mojar-una-bicicleta-electrica.jpg","articleSection":["Bicicleta el\u00e9ctrica","Mantenimiento para bicicletas"],"inLanguage":"es","potentialAction":[{"@type":"CommentAction","name":"Comment","target":["https:\/\/pedalmoto.com\/blog\/se-puede-mojar-una-bicicleta-electrica-guia-de-limpieza-y-lluvia\/#respond"]}]},{"@type":"WebPage","@id":"https:\/\/pedalmoto.com\/blog\/se-puede-mojar-una-bicicleta-electrica-guia-de-limpieza-y-lluvia\/","url":"https:\/\/pedalmoto.com\/blog\/se-puede-mojar-una-bicicleta-electrica-guia-de-limpieza-y-lluvia\/","name":"\u00bfSe puede mojar una bicicleta el\u00e9ctrica? Gu\u00eda de limpieza y lluvia","isPartOf":{"@id":"https:\/\/pedalmoto.com\/blog\/#website"},"primaryImageOfPage":{"@id":"https:\/\/pedalmoto.com\/blog\/se-puede-mojar-una-bicicleta-electrica-guia-de-limpieza-y-lluvia\/#primaryimage"},"image":{"@id":"https:\/\/pedalmoto.com\/blog\/se-puede-mojar-una-bicicleta-electrica-guia-de-limpieza-y-lluvia\/#primaryimage"},"thumbnailUrl":"https:\/\/pedalmoto.com\/blog\/wp-content\/uploads\/2026\/03\/Se-puede-mojar-una-bicicleta-electrica.jpg","datePublished":"2026-03-17T10:30:14+00:00","dateModified":"2026-03-30T12:12:38+00:00","description":"\u00bfTe preguntas si se puede mojar una bicicleta el\u00e9ctrica? Descubre qu\u00e9 hacer bajo la lluvia y c\u00f3mo lavarla paso a paso sin da\u00f1arla.","breadcrumb":{"@id":"https:\/\/pedalmoto.com\/blog\/se-puede-mojar-una-bicicleta-electrica-guia-de-limpieza-y-lluvia\/#breadcrumb"},"inLanguage":"es","potentialAction":[{"@type":"ReadAction","target":["https:\/\/pedalmoto.com\/blog\/se-puede-mojar-una-bicicleta-electrica-guia-de-limpieza-y-lluvia\/"]}]},{"@type":"ImageObject","inLanguage":"es","@id":"https:\/\/pedalmoto.com\/blog\/se-puede-mojar-una-bicicleta-electrica-guia-de-limpieza-y-lluvia\/#primaryimage","url":"https:\/\/pedalmoto.com\/blog\/wp-content\/uploads\/2026\/03\/Se-puede-mojar-una-bicicleta-electrica.jpg","contentUrl":"https:\/\/pedalmoto.com\/blog\/wp-content\/uploads\/2026\/03\/Se-puede-mojar-una-bicicleta-electrica.jpg","width":846,"height":622,"caption":"Se puede mojar una bicicleta el\u00e9ctrica"},{"@type":"BreadcrumbList","@id":"https:\/\/pedalmoto.com\/blog\/se-puede-mojar-una-bicicleta-electrica-guia-de-limpieza-y-lluvia\/#breadcrumb","itemListElement":[{"@type":"ListItem","position":1,"name":"Inicio","item":"https:\/\/pedalmoto.com\/es\/"},{"@type":"ListItem","position":2,"name":"Blog","item":"https:\/\/pedalmoto.com\/blog\/"},{"@type":"ListItem","position":3,"name":"\u00bfSe puede mojar una bicicleta el\u00e9ctrica? Gu\u00eda de limpieza y lluvia"}]},{"@type":"WebSite","@id":"https:\/\/pedalmoto.com\/blog\/#website","url":"https:\/\/pedalmoto.com\/blog\/","name":"Pedalmoto Blog","description":"","publisher":{"@id":"https:\/\/pedalmoto.com\/blog\/#organization"},"alternateName":"El blog de Pedalmoto","potentialAction":[{"@type":"SearchAction","target":{"@type":"EntryPoint","urlTemplate":"https:\/\/pedalmoto.com\/blog\/?s={search_term_string}"},"query-input":{"@type":"PropertyValueSpecification","valueRequired":true,"valueName":"search_term_string"}}],"inLanguage":"es"},{"@type":"Organization","@id":"https:\/\/pedalmoto.com\/blog\/#organization","name":"Pedalmoto Blog","alternateName":"Pedalmoto","url":"https:\/\/pedalmoto.com\/blog\/","logo":{"@type":"ImageObject","inLanguage":"es","@id":"https:\/\/pedalmoto.com\/blog\/#\/schema\/logo\/image\/","url":"http:\/\/pedalmoto.com\/blog\/wp-content\/uploads\/2025\/03\/pedal-moto-logo-1679504248.png","contentUrl":"http:\/\/pedalmoto.com\/blog\/wp-content\/uploads\/2025\/03\/pedal-moto-logo-1679504248.png","width":298,"height":65,"caption":"Pedalmoto Blog"},"image":{"@id":"https:\/\/pedalmoto.com\/blog\/#\/schema\/logo\/image\/"},"sameAs":["https:\/\/www.facebook.com\/Pedalmoto\/?locale=es_ES","https:\/\/www.instagram.com\/pedalmoto\/?hl=es","https:\/\/www.tiktok.com\/@pedalmoto.bicicletas"]},{"@type":"Person","@id":"https:\/\/pedalmoto.com\/blog\/#\/schema\/person\/4b5bbd5f16800ba5a8f19fd450a44f47","name":"Pedalmoto","image":{"@type":"ImageObject","inLanguage":"es","@id":"https:\/\/pedalmoto.com\/blog\/#\/schema\/person\/image\/","url":"https:\/\/secure.gravatar.com\/avatar\/5d5f25bde46bb8d2a3941631f2789624?s=96&d=mm&r=g","contentUrl":"https:\/\/secure.gravatar.com\/avatar\/5d5f25bde46bb8d2a3941631f2789624?s=96&d=mm&r=g","caption":"Pedalmoto"},"description":"Apasionado del ciclismo desde que tiene uso de raz\u00f3n y parte del equipo de Pedalmoto, la tienda online de referencia en Espa\u00f1a. Especializado en asesoramiento t\u00e9cnico sobre bicicletas de monta\u00f1a e-bikes, carretera y gravel. Su d\u00eda a d\u00eda se reparte entre la tienda y las rutas. En el blog de Pedalmoto comparte gu\u00edas, consejos de mantenimiento y todo lo que necesitas saber para sacarle el m\u00e1ximo partido a tu bici.","sameAs":["https:\/\/www.instagram.com\/pedalmoto\/?hl=es"],"url":"https:\/\/pedalmoto.com\/blog\/author\/pedalmoto\/"}]}},"_links":{"self":[{"href":"https:\/\/pedalmoto.com\/blog\/wp-json\/wp\/v2\/posts\/911","targetHints":{"allow":["GET"]}}],"collection":[{"href":"https:\/\/pedalmoto.com\/blog\/wp-json\/wp\/v2\/posts"}],"about":[{"href":"https:\/\/pedalmoto.com\/blog\/wp-json\/wp\/v2\/types\/post"}],"author":[{"embeddable":true,"href":"https:\/\/pedalmoto.com\/blog\/wp-json\/wp\/v2\/users\/2"}],"replies":[{"embeddable":true,"href":"https:\/\/pedalmoto.com\/blog\/wp-json\/wp\/v2\/comments?post=911"}],"version-history":[{"count":5,"href":"https:\/\/pedalmoto.com\/blog\/wp-json\/wp\/v2\/posts\/911\/revisions"}],"predecessor-version":[{"id":921,"href":"https:\/\/pedalmoto.com\/blog\/wp-json\/wp\/v2\/posts\/911\/revisions\/921"}],"wp:featuredmedia":[{"embeddable":true,"href":"https:\/\/pedalmoto.com\/blog\/wp-json\/wp\/v2\/media\/917"}],"wp:attachment":[{"href":"https:\/\/pedalmoto.com\/blog\/wp-json\/wp\/v2\/media?parent=911"}],"wp:term":[{"taxonomy":"category","embeddable":true,"href":"https:\/\/pedalmoto.com\/blog\/wp-json\/wp\/v2\/categories?post=911"},{"taxonomy":"post_tag","embeddable":true,"href":"https:\/\/pedalmoto.com\/blog\/wp-json\/wp\/v2\/tags?post=911"}],"curies":[{"name":"wp","href":"https:\/\/api.w.org\/{rel}","templated":true}]}}