{"id":843,"date":"2025-12-04T15:23:21","date_gmt":"2025-12-04T15:23:21","guid":{"rendered":"https:\/\/pedalmoto.com\/blog\/?p=843"},"modified":"2026-03-30T12:13:40","modified_gmt":"2026-03-30T12:13:40","slug":"como-elegir-tu-primera-bicicleta-electrica-guia-completa","status":"publish","type":"post","link":"https:\/\/pedalmoto.com\/blog\/como-elegir-tu-primera-bicicleta-electrica-guia-completa\/","title":{"rendered":"C\u00f3mo elegir tu primera bicicleta el\u00e9ctrica: Gu\u00eda completa"},"content":{"rendered":"\n<p>Comprar tu primera ebike es un salto enorme en comodidad y libertad, porque te permite llegar m\u00e1s lejos, subir cuestas sin agobios y usar la bici de forma mucho m\u00e1s constante. Aun as\u00ed, es normal sentir dudas al principio, ya que hay muchos tipos de bicicletas el\u00e9ctricas, diferentes motores y bater\u00edas, y precios que var\u00edan bastante seg\u00fan el montaje. <strong>La clave no est\u00e1 en comprar la m\u00e1s potente, sino en elegir la que encaja con tu forma de pedalear, tu entorno y tu objetivo real.<\/strong><\/p>\n\n\n\n<h2 class=\"wp-block-heading\">Define para qu\u00e9 la vas a usar<\/h2>\n\n\n\n<p>Antes de comparar marcas o ofertas, lo primero es tener claro qu\u00e9 uso le vas a dar, porque eso determina el tipo de bici, la geometr\u00eda, la suspensi\u00f3n y hasta la autonom\u00eda m\u00ednima que debes exigir. Mucha gente compra una ebike \u201cporque est\u00e1 en oferta\u201d y luego descubre que no es c\u00f3moda para su rutina o que se queda corta en rutas, por eso conviene pensar en escenarios reales. <strong>Cuanto mejor definas tu uso principal, menos dinero malgastado y m\u00e1s disfrute tendr\u00e1s desde el primer d\u00eda.<\/strong><\/p>\n\n\n\n<p>Piensa si la quieres para ir a trabajar, para paseos de fin de semana, para viajar con alforjas o para monta\u00f1a con desnivel, y s\u00e9 honesto con tu nivel actual. Si el terreno es mayormente asfalto o carril bici y buscas practicidad, tu punto de partida suele ser una ebike urbana. Si sue\u00f1as con pistas, senderos y subidas largas, entonces una e-mtb es la elecci\u00f3n l\u00f3gica, y dentro de esa familia hay matices importantes.<\/p>\n\n\n\n<h3 class=\"wp-block-heading\">Ebike urbana: movilidad diaria sin complicaciones<\/h3>\n\n\n\n<p>Las bicicletas urbanas el\u00e9ctricas est\u00e1n hechas para moverte con ropa normal, sin postureos agresivos y con componentes pensados para el d\u00eda a d\u00eda, como luces, guardabarros o portabultos. Suelen tener una posici\u00f3n erguida que ayuda a ver el tr\u00e1fico y a no cargar mu\u00f1ecas o lumbares, y adem\u00e1s el peso se gestiona bien porque la asistencia est\u00e1 orientada a arrancadas y ritmos constantes. <strong>Si tu objetivo es sustituir coche o transporte p\u00fablico, una urbana el\u00e9ctrica te da comodidad, seguridad y rapidez en ciudad.<\/strong><\/p>\n\n\n\n<p>En Pedalmoto puedes explorar modelos espec\u00edficos en la categor\u00eda de <strong><a href=\"https:\/\/pedalmoto.com\/es\/3269-bicicletas-urbanas-electricas\">bicicletas urbanas el\u00e9ctricas<\/a><\/strong>, donde ver\u00e1s opciones de cuadros bajos, ruedas compactas o versiones plegables para espacios peque\u00f1os.<\/p>\n\n\n\n<figure class=\"wp-block-image size-full\"><img loading=\"lazy\" decoding=\"async\" width=\"933\" height=\"622\" src=\"http:\/\/pedalmoto.com\/blog\/wp-content\/uploads\/2025\/12\/como-elegir-bici-electrica.jpg\" alt=\"como elegir bici electrica\" class=\"wp-image-848\" srcset=\"https:\/\/pedalmoto.com\/blog\/wp-content\/uploads\/2025\/12\/como-elegir-bici-electrica.jpg 933w, https:\/\/pedalmoto.com\/blog\/wp-content\/uploads\/2025\/12\/como-elegir-bici-electrica-300x200.jpg 300w, https:\/\/pedalmoto.com\/blog\/wp-content\/uploads\/2025\/12\/como-elegir-bici-electrica-768x512.jpg 768w\" sizes=\"auto, (max-width: 933px) 100vw, 933px\" \/><\/figure>\n\n\n\n<h3 class=\"wp-block-heading\">Ebike de monta\u00f1a: superar desnivel y disfrutar del trail<\/h3>\n\n\n\n<p>Las bicicletas el\u00e9ctricas de monta\u00f1a est\u00e1n dise\u00f1adas para terrenos irregulares, por eso incorporan cubiertas m\u00e1s anchas, frenos potentes y geometr\u00edas estables que dan control en bajadas. En este segmento importa mucho el par motor y la capacidad de bater\u00eda, porque el consumo sube cuando hay desnivel y suelo suelto, adem\u00e1s de que la suspensi\u00f3n marca la diferencia en comodidad y tracci\u00f3n. <strong>Si tus rutas tienen pistas, senderos o puertos largos, una e-mtb bien elegida te permitir\u00e1 progresar sin quedarte vac\u00edo a mitad de salida.<\/strong><\/p>\n\n\n\n<p>Dentro de Pedalmoto tienes una categor\u00eda dedicada a <strong><a href=\"https:\/\/pedalmoto.com\/es\/3268-bicicletas-electricas-de-montana\">bicicletas el\u00e9ctricas de monta\u00f1a<\/a><\/strong>, con opciones r\u00edgidas y de doble suspensi\u00f3n seg\u00fan el tipo de ruta que quieras hacer.<\/p>\n\n\n\n<h3 class=\"wp-block-heading\">Ebike polivalente: trekking, paseo o rutas mixtas<\/h3>\n\n\n\n<p>Si vas a mezclar ciudad con caminos f\u00e1ciles, o quieres una bici para viajar con comodidad, lo habitual es buscar una el\u00e9ctrica de trekking o h\u00edbrida. Estas bicis equilibran postura c\u00f3moda y estabilidad con ruedas capaces de pisar tierra, y suelen traer anclajes para alforjas o portabultos, lo que les da mucha versatilidad. <strong>Son perfectas si no quieres especializarte, sino tener una ebike \u201cpara todo\u201d con la que sumar kil\u00f3metros sin pensar demasiado.<\/strong><\/p>\n\n\n\n<p>En la categor\u00eda general de <strong><a href=\"https:\/\/pedalmoto.com\/es\/3003-bicicletas-electricas\">bicicletas el\u00e9ctricas<\/a><\/strong> de Pedalmoto encontrar\u00e1s modelos urbanos, trekking y monta\u00f1a juntos, \u00fatil para comparar familias antes de decidir.<\/p>\n\n\n\n<h2 class=\"wp-block-heading\">Entiende el motor: potencia, par y ubicaci\u00f3n<\/h2>\n\n\n\n<p>El motor es el coraz\u00f3n de una bicicleta el\u00e9ctrica, porque define c\u00f3mo sientes la asistencia, cu\u00e1nto empuja en subidas y qu\u00e9 natural es el pedaleo. No basta con mirar los vatios, ya que en ebikes legales para uso urbano la potencia nominal suele ser 250 W, as\u00ed que lo verdaderamente diferenciador es el par motor y la gesti\u00f3n electr\u00f3nica. <strong>Un motor con buen par y entrega progresiva vale m\u00e1s que uno \u201ccon cifras grandes\u201d pero brusco o mal afinado.<\/strong><\/p>\n\n\n\n<p>Tambi\u00e9n importa d\u00f3nde va colocado, porque cambia el equilibrio y la experiencia. Los motores centrales (en el pedalier) suelen dar mejor reparto de peso y eficiencia, mientras que los de buje (en rueda trasera o delantera) son m\u00e1s simples y a veces m\u00e1s econ\u00f3micos, ideales para usos urbanos suaves. <strong>Para monta\u00f1a o rutas con desnivel, el motor central es la opci\u00f3n m\u00e1s recomendable por tracci\u00f3n y control.<\/strong><\/p>\n\n\n\n<h3 class=\"wp-block-heading\">Par motor: lo que de verdad notas en las cuestas<\/h3>\n\n\n\n<p>El par motor, medido en Nm, es la fuerza con la que el motor ayuda cuando pedaleas, as\u00ed que es clave para elegir tu primera ebike. Para ciudad con alguna cuesta moderada, con 40\u201360 Nm suele bastar, pero si vas a hacer monta\u00f1a o rutas duras, lo normal es buscar 70\u201390 Nm o m\u00e1s para ir holgado. <strong>A m\u00e1s par, menos sufrimiento cuando la pendiente se pone seria, pero tambi\u00e9n m\u00e1s consumo si lo usas sin control.<\/strong><\/p>\n\n\n\n<p>Lo importante no es solo el n\u00famero, sino que la asistencia sea fluida y te permita mantener cadencia sin tirones, por eso marcas de motor con buen \u201cfeeling\u201d suelen ser una apuesta segura en primera compra.<\/p>\n\n\n\n<h3 class=\"wp-block-heading\">Modos de asistencia y sensores<\/h3>\n\n\n\n<p>Las ebikes modernas usan sensores de par, cadencia y velocidad para ajustar la ayuda, y normalmente ofrecen varios modos, desde eco hasta turbo. El modo eco gasta menos bater\u00eda y es ideal para llanear o ahorrar autonom\u00eda, mientras que los modos altos sirven para subidas o arrancadas r\u00e1pidas en tr\u00e1fico. <strong>Aprender a usar los modos con cabeza es una de las formas m\u00e1s sencillas de duplicar la autonom\u00eda real de tu bater\u00eda.<\/strong><\/p>\n\n\n\n<p>Si pruebas una ebike y notas que el empuje se siente natural, como si fueras m\u00e1s fuerte, es se\u00f1al de que el sistema de sensores est\u00e1 bien calibrado, algo especialmente importante en tu primera bici el\u00e9ctrica.<\/p>\n\n\n\n<h2 class=\"wp-block-heading\">La bater\u00eda: autonom\u00eda real y c\u00f3mo calcularla<\/h2>\n\n\n\n<p>La bater\u00eda es el segundo gran factor de compra, porque determina cu\u00e1nto puedes hacer sin preocuparte por cargar, y tambi\u00e9n influye bastante en el precio final. Se mide en Wh (vatios hora), y cuanto m\u00e1s Wh, m\u00e1s energ\u00eda disponible, aunque la autonom\u00eda real depende del terreno, tu peso, el modo de asistencia y el tipo de cubiertas. <strong>No te obsesiones con los kil\u00f3metros \u201cte\u00f3ricos\u201d, c\u00e9ntrate en la autonom\u00eda que necesitas para tus rutas habituales con margen.<\/strong><\/p>\n\n\n\n<p>Como regla pr\u00e1ctica, una bater\u00eda de 400\u2013500 Wh suele rendir bien para ciudad y rutas suaves, y para monta\u00f1a o rutas largas es m\u00e1s com\u00fan ir a 600\u2013800 Wh, sobre todo si hay desnivel continuado. <strong>Es mejor comprar con algo de sobra ahora que quedarte corto y tener que cambiar bater\u00eda o bici en un a\u00f1o.<\/strong><\/p>\n\n\n\n<h3 class=\"wp-block-heading\">Factores que m\u00e1s gastan bater\u00eda<\/h3>\n\n\n\n<p>Hay cosas que disparan el consumo, y conviene saberlo antes de decidir capacidad. Las subidas largas, el viento frontal, rodar con neum\u00e1ticos muy anchos en asfalto, o usar siempre modos m\u00e1ximos, reducen la autonom\u00eda m\u00e1s de lo que imaginas. <strong>Tu estilo de pedaleo influye tanto como la bater\u00eda, as\u00ed que dos personas con la misma ebike pueden tener resultados muy distintos.<\/strong><\/p>\n\n\n\n<p>Si tus rutas tienen mucha monta\u00f1a, prioriza bater\u00eda grande y motor eficiente, mientras que si la usar\u00e1s en trayectos cortos diarios, una bater\u00eda media te puede sobrar y te ahorras peso y presupuesto.<\/p>\n\n\n\n<h2 class=\"wp-block-heading\">Cuadro, geometr\u00eda y talla: comodidad desde el primer kil\u00f3metro<\/h2>\n\n\n\n<p>La mejor ebike del mundo deja de serlo si no te queda bien, porque la postura incorrecta genera molestias y te quita ganas de salir. Las el\u00e9ctricas tienden a ser m\u00e1s pesadas que las bicis tradicionales, as\u00ed que una geometr\u00eda estable y una talla correcta son todav\u00eda m\u00e1s importantes para sentirte seguro. <strong>Una buena compra empieza por una talla adecuada, no por un precio atractivo.<\/strong><\/p>\n\n\n\n<p>Mide tu altura y tu entrepierna, revisa las tablas de talla de cada marca y, si dudas entre dos tallas, piensa en tu uso: m\u00e1s peque\u00f1o para manejo \u00e1gil en ciudad o sendero, m\u00e1s grande para estabilidad en rutas largas. <strong>La talla correcta te har\u00e1 pedalear mejor, gastar menos bater\u00eda y disfrutar m\u00e1s.<\/strong><\/p>\n\n\n\n<h3 class=\"wp-block-heading\">Paso bajo, paso alto y facilidad de uso<\/h3>\n\n\n\n<p>En ciudad se llevan mucho los cuadros de acceso bajo, porque facilitan subir y bajar con ropa normal o con carga. En monta\u00f1a es habitual el cuadro cl\u00e1sico por rigidez y control, aunque hay versiones \u201ceasy entry\u201d cada vez m\u00e1s extendidas. <strong>Si te preocupa la comodidad diaria o tienes movilidad limitada, un cuadro de paso bajo puede ser tu mejor decisi\u00f3n.<\/strong><\/p>\n\n\n\n<p>Lo importante es que el cuadro se adapte a tu realidad, no a una idea est\u00e9tica, porque al final lo usar\u00e1s tal como es, d\u00eda tras d\u00eda.<\/p>\n\n\n\n<figure class=\"wp-block-image size-full\"><img loading=\"lazy\" decoding=\"async\" width=\"830\" height=\"622\" src=\"http:\/\/pedalmoto.com\/blog\/wp-content\/uploads\/2025\/12\/guia-elegir-bicicleta-electrica.jpg\" alt=\"guia elegir bicicleta electrica\" class=\"wp-image-849\" srcset=\"https:\/\/pedalmoto.com\/blog\/wp-content\/uploads\/2025\/12\/guia-elegir-bicicleta-electrica.jpg 830w, https:\/\/pedalmoto.com\/blog\/wp-content\/uploads\/2025\/12\/guia-elegir-bicicleta-electrica-300x225.jpg 300w, https:\/\/pedalmoto.com\/blog\/wp-content\/uploads\/2025\/12\/guia-elegir-bicicleta-electrica-768x576.jpg 768w\" sizes=\"auto, (max-width: 830px) 100vw, 830px\" \/><\/figure>\n\n\n\n<h2 class=\"wp-block-heading\">Componentes clave que no debes pasar por alto<\/h2>\n\n\n\n<p>Aunque motor y bater\u00eda se llevan la atenci\u00f3n, hay componentes que determinan seguridad y mantenimiento, y por eso conviene revisar el montaje general. Frenos, transmisi\u00f3n y ruedas deben estar alineados con el uso, porque una ebike exige m\u00e1s a las piezas por el peso y la potencia asistida. <strong>A igualdad de motor, una ebike con buenos componentes se siente m\u00e1s fiable, frena mejor y dura mucho m\u00e1s.<\/strong><\/p>\n\n\n\n<p>En ciudad no necesitas un montaje extremo, pero s\u00ed frenos que inspiren confianza y una transmisi\u00f3n sencilla de mantener, mientras que en monta\u00f1a se agradecen frenos de m\u00e1s pistones, discos grandes y transmisiones resistentes a barro y golpes.<\/p>\n\n\n\n<h3 class=\"wp-block-heading\">Frenos: tu seguro de vida<\/h3>\n\n\n\n<p>Las bicicletas el\u00e9ctricas alcanzan velocidad con facilidad y pesan m\u00e1s, as\u00ed que los frenos son cr\u00edticos. En casi cualquier ebike moderna lo normal son frenos hidr\u00e1ulicos de disco, y en monta\u00f1a o trekking con desnivel conviene buscar discos de mayor di\u00e1metro para evacuar calor. <strong>Si dudas entre dos modelos y uno monta mejores frenos, esa diferencia vale oro en seguridad.<\/strong><\/p>\n\n\n\n<p>Adem\u00e1s, unos frenos adecuados reducen fatiga en bajadas largas, algo muy com\u00fan cuando empiezas a hacer rutas m\u00e1s ambiciosas con asistencia.<\/p>\n\n\n\n<h3 class=\"wp-block-heading\">Transmisi\u00f3n: simple, resistente y f\u00e1cil de mantener<\/h3>\n\n\n\n<p>Para tu primera ebike, lo ideal es huir de complicaciones y apostar por una transmisi\u00f3n que sea robusta y con rango suficiente. En ciudad, un plato \u00fanico y cassette amplio suele ir perfecto, mientras que en monta\u00f1a interesa un rango grande para poder subir con cadencia natural. <strong>Una transmisi\u00f3n sencilla te ahorra ajustes constantes y te permite concentrarte en disfrutar.<\/strong><\/p>\n\n\n\n<p>Las ebikes desgastan m\u00e1s cadena y cassette por el extra de par, as\u00ed que conviene revisar estos elementos cada cierto tiempo, especialmente si haces rutas exigentes.<\/p>\n\n\n\n<h2 class=\"wp-block-heading\">Presupuesto realista y relaci\u00f3n calidad-precio<\/h2>\n\n\n\n<p>El precio de una bicicleta el\u00e9ctrica depende sobre todo del sistema de motor-bater\u00eda y del montaje. Dentro de una misma marca puedes encontrar grandes saltos de precio por bater\u00eda m\u00e1s grande, motor de gama alta, o componentes superiores, por eso es f\u00e1cil pagar de m\u00e1s si no tienes claro qu\u00e9 necesitas. <strong>Tu objetivo es invertir en lo que usar\u00e1s, no en prestaciones que no vas a aprovechar.<\/strong><\/p>\n\n\n\n<p>Como referencia muy general, las ebikes urbanas b\u00e1sicas suelen ser m\u00e1s accesibles, las trekking de gama media suben un poco por equipamiento, y las e-mtb con buenos recorridos y bater\u00edas grandes entran en rangos m\u00e1s altos. <strong>Fija un presupuesto con margen para casco, luces y un buen candado, porque forman parte del pack real de compra.<\/strong><\/p>\n\n\n\n<h3 class=\"wp-block-heading\">No compres \u201cpor futuro\u201d si no tienes claro el uso<\/h3>\n\n\n\n<p>Un error com\u00fan es comprar una ebike demasiado agresiva \u201cpor si alg\u00fan d\u00eda hago monta\u00f1a\u201d, y luego usarla solo en ciudad, cargando con peso e incomodidad innecesaria. Tambi\u00e9n pasa al rev\u00e9s, comprar una urbana barata y luego querer hacer rutas con mucha pista, donde se queda corta. <strong>La mejor estrategia es comprar para tu uso actual con una peque\u00f1a reserva de crecimiento, no con un salto de disciplina completo.<\/strong><\/p>\n\n\n\n<h2 class=\"wp-block-heading\">Prueba, revisa servicio y piensa en mantenimiento<\/h2>\n\n\n\n<p>Antes de cerrar la compra, intenta probar una ebike similar a la que te interesa, aunque sea de un amigo o en tienda. Lo que en ficha t\u00e9cnica parece perfecto puede no sentirse igual cuando pedaleas, sobre todo en la respuesta del motor, la postura o el manejo. <strong>La prueba es el filtro final que evita arrepentimientos caros.<\/strong><\/p>\n\n\n\n<p>Tambi\u00e9n valora el servicio posventa y taller, porque una ebike es un sistema m\u00e1s complejo que una bici normal, y tener soporte cercano marca la diferencia si surge alg\u00fan ajuste o actualizaci\u00f3n. <strong>Comprar en una tienda especializada como <a href=\"https:\/\/pedalmoto.com\/es\/\">Pedalmoto<\/a> te asegura asesoramiento real en talla, uso y mantenimiento, no solo una caja enviada a casa.<\/strong><\/p>\n\n\n\n<h2 class=\"wp-block-heading\">Conclusi\u00f3n: tu primera ebike debe encajar contigo<\/h2>\n\n\n\n<p>Elegir tu primera bicicleta el\u00e9ctrica es mucho m\u00e1s sencillo cuando sigues un orden l\u00f3gico, porque pasas de la confusi\u00f3n a una decisi\u00f3n con sentido. Empieza por tu uso, decide el tipo de ebike, busca un motor con par acorde a tus rutas, una bater\u00eda con autonom\u00eda realista, y remata con talla y componentes que te den seguridad. <strong>La ebike perfecta no es la m\u00e1s cara ni la m\u00e1s llamativa, sino la que te invita a salir m\u00e1s y a disfrutar sin barreras.<\/strong><\/p>\n\n\n\n<p>Cuando tengas claro si la quieres urbana, de monta\u00f1a o polivalente, entra en las categor\u00edas de Pedalmoto para comparar opciones reales y filtrar por lo que importa, as\u00ed tu compra estar\u00e1 basada en criterios s\u00f3lidos y no en ruido. <strong>Con una elecci\u00f3n bien pensada, tu primera bicicleta el\u00e9ctrica ser\u00e1 el inicio de muchos kil\u00f3metros felices<\/strong>.<\/p>\n\n\n\n<div class=\"external-products-container\"><div class=\"trv-containers-products\">\n            <article class=\"bike-card text-left\">\n                <a href=\"https:\/\/pedalmoto.com\/es\/bicicletas-electricas-de-montana\/5883-cube-reaction-hybrid-slx-750-2023.html\" title=\"Cube Reaction Hybrid SLX 750 2024\">\n                    <div class=\"flags\"><span class=\"badge badge-discount ms-2 mr-2\">-36%<\/span><\/div>\n                    <img decoding=\"async\" src=\"https:\/\/pedalmoto.com\/11129-home_default\/cube-reaction-hybrid-slx-750-2023.jpg\" alt=\"Cube Reaction Hybrid SLX 750 2024\" class=\"product-img img-responsive\" loading=\"lazy\" \/>\n                    <span class=\"bike-title m-0 mb-2 title-h\">Cube Reaction Hybrid SLX 750 2024<\/span>\n                    <span class=\"prices\">\n                        <span class=\"price h4\">2.699,00\u00a0\u20ac<\/span><span class=\"price h4 small\"><span class=\"old-price\">4.249,00\u00a0\u20ac<\/span><\/span>\n                    <\/span>\n                <\/a>\n            <\/article>\n        \n            <article class=\"bike-card text-left\">\n                <a href=\"https:\/\/pedalmoto.com\/es\/bicicletas-electricas-de-montana\/7232-cube-ams-hybrid-one44-c68x-tm-400x-2024.html\" title=\"Cube Ams Hybrid One44 C:68X TM 400x 2025\">\n                    <div class=\"flags\"><span class=\"badge badge-discount ms-2 mr-2\">-24%<\/span><\/div>\n                    <img decoding=\"async\" src=\"https:\/\/pedalmoto.com\/14078-home_default\/cube-ams-hybrid-one44-c68x-tm-400x-2024.jpg\" alt=\"Cube Ams Hybrid One44 C:68X TM 400x 2025\" class=\"product-img img-responsive\" loading=\"lazy\" \/>\n                    <span class=\"bike-title m-0 mb-2 title-h\">Cube Ams Hybrid One44 C:68X TM 400x 2025<\/span>\n                    <span class=\"prices\">\n                        <span class=\"price h4\">5.099,00\u00a0\u20ac<\/span><span class=\"price h4 small\"><span class=\"old-price\">6.699,00\u00a0\u20ac<\/span><\/span>\n                    <\/span>\n                <\/a>\n            <\/article>\n        \n            <article class=\"bike-card text-left\">\n                <a href=\"https:\/\/pedalmoto.com\/es\/bicicletas-electricas-de-montana\/7285-cube-ams-hybrid-one44-c68x-slt-400x-2024.html\" title=\"Cube AMS Hybrid One44 C:68x SLT 400x 2025\">\n                    <div class=\"flags\"><span class=\"badge badge-discount ms-2 mr-2\">-28%<\/span><\/div>\n                    <img decoding=\"async\" src=\"https:\/\/pedalmoto.com\/14349-home_default\/cube-ams-hybrid-one44-c68x-slt-400x-2024.jpg\" alt=\"Cube AMS Hybrid One44 C:68x SLT 400x 2025\" class=\"product-img img-responsive\" loading=\"lazy\" \/>\n                    <span class=\"bike-title m-0 mb-2 title-h\">Cube AMS Hybrid One44 C:68x SLT 400x 2025<\/span>\n                    <span class=\"prices\">\n                        <span class=\"price h4\">5.999,00\u00a0\u20ac<\/span><span class=\"price h4 small\"><span class=\"old-price\">8.299,00\u00a0\u20ac<\/span><\/span>\n                    <\/span>\n                <\/a>\n            <\/article>\n        \n            <article class=\"bike-card text-left\">\n                <a href=\"https:\/\/pedalmoto.com\/es\/bicicletas-urbanas-electricas\/7740-cube-compact-hybrid-500-20-2025.html\" title=\"Cube Compact Hybrid 500 20\" 2025\">\n                    <div class=\"flags\"><span class=\"badge badge-discount ms-2 mr-2\">-15%<\/span><\/div>\n                    <img decoding=\"async\" src=\"https:\/\/pedalmoto.com\/16131-home_default\/cube-compact-hybrid-500-20-2025.jpg\" alt=\"Cube Compact Hybrid 500 20\" 2025\" class=\"product-img img-responsive\" loading=\"lazy\" \/>\n                    <span class=\"bike-title m-0 mb-2 title-h\">Cube Compact Hybrid 500 20\" 2025<\/span>\n                    <span class=\"prices\">\n                        <span class=\"price h4\">2.249,00\u00a0\u20ac<\/span><span class=\"price h4 small\"><span class=\"old-price\">2.649,00\u00a0\u20ac<\/span><\/span>\n                    <\/span>\n                <\/a>\n            <\/article>\n        \n            <article class=\"bike-card text-left\">\n                <a href=\"https:\/\/pedalmoto.com\/es\/bicicletas-electricas-de-montana\/7741-cube-reaction-hybrid-performance-625-2025.html\" title=\"Cube Reaction Hybrid Performance 625 2025\">\n                    <div class=\"flags\"><span class=\"badge badge-discount ms-2 mr-2\">-15%<\/span><\/div>\n                    <img decoding=\"async\" src=\"https:\/\/pedalmoto.com\/16110-home_default\/cube-reaction-hybrid-performance-625-2025.jpg\" alt=\"Cube Reaction Hybrid Performance 625 2025\" class=\"product-img img-responsive\" loading=\"lazy\" \/>\n                    <span class=\"bike-title m-0 mb-2 title-h\">Cube Reaction Hybrid Performance 625 2025<\/span>\n                    <span class=\"prices\">\n                        <span class=\"price h4\">2.251,00\u00a0\u20ac<\/span><span class=\"price h4 small\"><span class=\"old-price\">2.649,00\u00a0\u20ac<\/span><\/span>\n                    <\/span>\n                <\/a>\n            <\/article>\n        \n            <article class=\"bike-card text-left\">\n                <a href=\"https:\/\/pedalmoto.com\/es\/-bicicletas-para-ninos\/7765-cube-acid-240-hybrid-rookie-pro-400-actionteam-2025.html\" title=\"Cube Acid 240 Hybrid Rookie Pro 400 Actionteam 2025\">\n                    <div class=\"flags\"><span class=\"badge badge-discount ms-2 mr-2\">-7%<\/span><\/div>\n                    <img decoding=\"async\" src=\"https:\/\/pedalmoto.com\/16081-home_default\/cube-acid-240-hybrid-rookie-pro-400-actionteam-2025.jpg\" alt=\"Cube Acid 240 Hybrid Rookie Pro 400 Actionteam 2025\" class=\"product-img img-responsive\" loading=\"lazy\" \/>\n                    <span class=\"bike-title m-0 mb-2 title-h\">Cube Acid 240 Hybrid Rookie Pro 400 Actionteam 2025<\/span>\n                    <span class=\"prices\">\n                        <span class=\"price h4\">1.899,00\u00a0\u20ac<\/span><span class=\"price h4 small\"><span class=\"old-price\">2.049,00\u00a0\u20ac<\/span><\/span>\n                    <\/span>\n                <\/a>\n            <\/article>\n        \n            <article class=\"bike-card text-left\">\n                <a href=\"https:\/\/pedalmoto.com\/es\/bicicletas-electricas-de-montana\/7839-cube-stereo-hybrid-one77-hpc-at-carbongold-2025.html\" title=\"Cube Stereo Hybrid One77 HPC AT Carbon\/Gold 800 2025\">\n                    <div class=\"flags\"><span class=\"badge badge-discount ms-2 mr-2\">-15%<\/span><\/div>\n                    <img decoding=\"async\" src=\"https:\/\/pedalmoto.com\/17251-home_default\/cube-stereo-hybrid-one77-hpc-at-carbongold-2025.jpg\" alt=\"Cube Stereo Hybrid One77 HPC AT Carbon\/Gold 800 2025\" class=\"product-img img-responsive\" loading=\"lazy\" \/>\n                    <span class=\"bike-title m-0 mb-2 title-h\">Cube Stereo Hybrid One77 HPC AT Carbon\/Gold 800 2025<\/span>\n                    <span class=\"prices\">\n                        <span class=\"price h4\">6.289,00\u00a0\u20ac<\/span><span class=\"price h4 small\"><span class=\"old-price\">7.399,00\u00a0\u20ac<\/span><\/span>\n                    <\/span>\n                <\/a>\n            <\/article>\n        \n            <article class=\"bike-card text-left\">\n                <a href=\"https:\/\/pedalmoto.com\/es\/bicicletas-electricas-de-montana\/7840-cube-stereo-hybrid-one77-hpc-at-actionteam-2025.html\" title=\"Cube Stereo Hybrid One77 HPC AT Actionteam 800 2025\">\n                    <div class=\"flags\"><span class=\"badge badge-discount ms-2 mr-2\">-15%<\/span><\/div>\n                    <img decoding=\"async\" src=\"https:\/\/pedalmoto.com\/17263-home_default\/cube-stereo-hybrid-one77-hpc-at-actionteam-2025.jpg\" alt=\"Cube Stereo Hybrid One77 HPC AT Actionteam 800 2025\" class=\"product-img img-responsive\" loading=\"lazy\" \/>\n                    <span class=\"bike-title m-0 mb-2 title-h\">Cube Stereo Hybrid One77 HPC AT Actionteam 800 2025<\/span>\n                    <span class=\"prices\">\n                        <span class=\"price h4\">6.289,00\u00a0\u20ac<\/span><span class=\"price h4 small\"><span class=\"old-price\">7.399,00\u00a0\u20ac<\/span><\/span>\n                    <\/span>\n                <\/a>\n            <\/article>\n        <\/div><\/div>\n","protected":false},"excerpt":{"rendered":"<p>Comprar tu primera ebike es un salto enorme en comodidad y libertad, porque te permite llegar m\u00e1s lejos, subir cuestas sin agobios y usar la bici de forma mucho m\u00e1s constante. Aun as\u00ed, es normal sentir dudas al principio, ya que hay muchos tipos de bicicletas el\u00e9ctricas, diferentes motores y bater\u00edas, y precios que var\u00edan [&hellip;]<\/p>\n","protected":false},"author":2,"featured_media":847,"comment_status":"open","ping_status":"open","sticky":false,"template":"","format":"standard","meta":{"_acf_changed":false,"footnotes":""},"categories":[4,133],"tags":[],"class_list":["post-843","post","type-post","status-publish","format-standard","has-post-thumbnail","hentry","category-bicicleta-electrica","category-guias-de-compra-y-comparativas"],"acf":[],"yoast_head":"<!-- This site is optimized with the Yoast SEO plugin v24.7 - https:\/\/yoast.com\/wordpress\/plugins\/seo\/ -->\n<title>C\u00f3mo elegir tu primera bicicleta el\u00e9ctrica: Gu\u00eda completa<\/title>\n<meta name=\"description\" content=\"Gu\u00eda completa para elegir tu primera bicicleta el\u00e9ctrica: tipos, motor, bater\u00eda, autonom\u00eda y consejos para elegir correctamente tu bicicleta.\" \/>\n<meta name=\"robots\" content=\"index, follow, max-snippet:-1, max-image-preview:large, max-video-preview:-1\" \/>\n<link rel=\"canonical\" href=\"https:\/\/pedalmoto.com\/blog\/como-elegir-tu-primera-bicicleta-electrica-guia-completa\/\" \/>\n<meta property=\"og:locale\" content=\"es_ES\" \/>\n<meta property=\"og:type\" content=\"article\" \/>\n<meta property=\"og:title\" content=\"C\u00f3mo elegir tu primera bicicleta el\u00e9ctrica: Gu\u00eda completa\" \/>\n<meta property=\"og:description\" content=\"Gu\u00eda completa para elegir tu primera bicicleta el\u00e9ctrica: tipos, motor, bater\u00eda, autonom\u00eda y consejos para elegir correctamente tu bicicleta.\" \/>\n<meta property=\"og:url\" content=\"https:\/\/pedalmoto.com\/blog\/como-elegir-tu-primera-bicicleta-electrica-guia-completa\/\" \/>\n<meta property=\"og:site_name\" content=\"Pedalmoto Blog\" \/>\n<meta property=\"article:publisher\" content=\"https:\/\/www.facebook.com\/Pedalmoto\/?locale=es_ES\" \/>\n<meta property=\"article:published_time\" content=\"2025-12-04T15:23:21+00:00\" \/>\n<meta property=\"article:modified_time\" content=\"2026-03-30T12:13:40+00:00\" \/>\n<meta property=\"og:image\" content=\"http:\/\/pedalmoto.com\/blog\/wp-content\/uploads\/2025\/12\/como-elegir-bicicleta-electrica.jpg\" \/>\n\t<meta property=\"og:image:width\" content=\"934\" \/>\n\t<meta property=\"og:image:height\" content=\"622\" \/>\n\t<meta property=\"og:image:type\" content=\"image\/jpeg\" \/>\n<meta name=\"author\" content=\"Pedalmoto\" \/>\n<meta name=\"twitter:card\" content=\"summary_large_image\" \/>\n<meta name=\"twitter:label1\" content=\"Written by\" \/>\n\t<meta name=\"twitter:data1\" content=\"Pedalmoto\" \/>\n\t<meta name=\"twitter:label2\" content=\"Est. reading time\" \/>\n\t<meta name=\"twitter:data2\" content=\"11 minutos\" \/>\n<!-- \/ Yoast SEO plugin. -->","yoast_head_json":{"title":"C\u00f3mo elegir tu primera bicicleta el\u00e9ctrica: Gu\u00eda completa","description":"Gu\u00eda completa para elegir tu primera bicicleta el\u00e9ctrica: tipos, motor, bater\u00eda, autonom\u00eda y consejos para elegir correctamente tu bicicleta.","robots":{"index":"index","follow":"follow","max-snippet":"max-snippet:-1","max-image-preview":"max-image-preview:large","max-video-preview":"max-video-preview:-1"},"canonical":"https:\/\/pedalmoto.com\/blog\/como-elegir-tu-primera-bicicleta-electrica-guia-completa\/","og_locale":"es_ES","og_type":"article","og_title":"C\u00f3mo elegir tu primera bicicleta el\u00e9ctrica: Gu\u00eda completa","og_description":"Gu\u00eda completa para elegir tu primera bicicleta el\u00e9ctrica: tipos, motor, bater\u00eda, autonom\u00eda y consejos para elegir correctamente tu bicicleta.","og_url":"https:\/\/pedalmoto.com\/blog\/como-elegir-tu-primera-bicicleta-electrica-guia-completa\/","og_site_name":"Pedalmoto Blog","article_publisher":"https:\/\/www.facebook.com\/Pedalmoto\/?locale=es_ES","article_published_time":"2025-12-04T15:23:21+00:00","article_modified_time":"2026-03-30T12:13:40+00:00","og_image":[{"width":934,"height":622,"url":"http:\/\/pedalmoto.com\/blog\/wp-content\/uploads\/2025\/12\/como-elegir-bicicleta-electrica.jpg","type":"image\/jpeg"}],"author":"Pedalmoto","twitter_card":"summary_large_image","twitter_misc":{"Written by":"Pedalmoto","Est. reading time":"11 minutos"},"schema":{"@context":"https:\/\/schema.org","@graph":[{"@type":"Article","@id":"https:\/\/pedalmoto.com\/blog\/como-elegir-tu-primera-bicicleta-electrica-guia-completa\/#article","isPartOf":{"@id":"https:\/\/pedalmoto.com\/blog\/como-elegir-tu-primera-bicicleta-electrica-guia-completa\/"},"author":{"name":"Pedalmoto","@id":"https:\/\/pedalmoto.com\/blog\/#\/schema\/person\/4b5bbd5f16800ba5a8f19fd450a44f47"},"headline":"C\u00f3mo elegir tu primera bicicleta el\u00e9ctrica: Gu\u00eda completa","datePublished":"2025-12-04T15:23:21+00:00","dateModified":"2026-03-30T12:13:40+00:00","mainEntityOfPage":{"@id":"https:\/\/pedalmoto.com\/blog\/como-elegir-tu-primera-bicicleta-electrica-guia-completa\/"},"wordCount":2429,"commentCount":0,"publisher":{"@id":"https:\/\/pedalmoto.com\/blog\/#organization"},"image":{"@id":"https:\/\/pedalmoto.com\/blog\/como-elegir-tu-primera-bicicleta-electrica-guia-completa\/#primaryimage"},"thumbnailUrl":"https:\/\/pedalmoto.com\/blog\/wp-content\/uploads\/2025\/12\/como-elegir-bicicleta-electrica.jpg","articleSection":["Bicicleta el\u00e9ctrica","Gu\u00edas de compra y comparativas"],"inLanguage":"es","potentialAction":[{"@type":"CommentAction","name":"Comment","target":["https:\/\/pedalmoto.com\/blog\/como-elegir-tu-primera-bicicleta-electrica-guia-completa\/#respond"]}]},{"@type":"WebPage","@id":"https:\/\/pedalmoto.com\/blog\/como-elegir-tu-primera-bicicleta-electrica-guia-completa\/","url":"https:\/\/pedalmoto.com\/blog\/como-elegir-tu-primera-bicicleta-electrica-guia-completa\/","name":"C\u00f3mo elegir tu primera bicicleta el\u00e9ctrica: Gu\u00eda completa","isPartOf":{"@id":"https:\/\/pedalmoto.com\/blog\/#website"},"primaryImageOfPage":{"@id":"https:\/\/pedalmoto.com\/blog\/como-elegir-tu-primera-bicicleta-electrica-guia-completa\/#primaryimage"},"image":{"@id":"https:\/\/pedalmoto.com\/blog\/como-elegir-tu-primera-bicicleta-electrica-guia-completa\/#primaryimage"},"thumbnailUrl":"https:\/\/pedalmoto.com\/blog\/wp-content\/uploads\/2025\/12\/como-elegir-bicicleta-electrica.jpg","datePublished":"2025-12-04T15:23:21+00:00","dateModified":"2026-03-30T12:13:40+00:00","description":"Gu\u00eda completa para elegir tu primera bicicleta el\u00e9ctrica: tipos, motor, bater\u00eda, autonom\u00eda y consejos para elegir correctamente tu bicicleta.","breadcrumb":{"@id":"https:\/\/pedalmoto.com\/blog\/como-elegir-tu-primera-bicicleta-electrica-guia-completa\/#breadcrumb"},"inLanguage":"es","potentialAction":[{"@type":"ReadAction","target":["https:\/\/pedalmoto.com\/blog\/como-elegir-tu-primera-bicicleta-electrica-guia-completa\/"]}]},{"@type":"ImageObject","inLanguage":"es","@id":"https:\/\/pedalmoto.com\/blog\/como-elegir-tu-primera-bicicleta-electrica-guia-completa\/#primaryimage","url":"https:\/\/pedalmoto.com\/blog\/wp-content\/uploads\/2025\/12\/como-elegir-bicicleta-electrica.jpg","contentUrl":"https:\/\/pedalmoto.com\/blog\/wp-content\/uploads\/2025\/12\/como-elegir-bicicleta-electrica.jpg","width":934,"height":622,"caption":"como elegir bicicleta electrica"},{"@type":"BreadcrumbList","@id":"https:\/\/pedalmoto.com\/blog\/como-elegir-tu-primera-bicicleta-electrica-guia-completa\/#breadcrumb","itemListElement":[{"@type":"ListItem","position":1,"name":"Inicio","item":"https:\/\/pedalmoto.com\/es\/"},{"@type":"ListItem","position":2,"name":"Blog","item":"https:\/\/pedalmoto.com\/blog\/"},{"@type":"ListItem","position":3,"name":"C\u00f3mo elegir tu primera bicicleta el\u00e9ctrica: Gu\u00eda completa"}]},{"@type":"WebSite","@id":"https:\/\/pedalmoto.com\/blog\/#website","url":"https:\/\/pedalmoto.com\/blog\/","name":"Pedalmoto Blog","description":"","publisher":{"@id":"https:\/\/pedalmoto.com\/blog\/#organization"},"alternateName":"El blog de Pedalmoto","potentialAction":[{"@type":"SearchAction","target":{"@type":"EntryPoint","urlTemplate":"https:\/\/pedalmoto.com\/blog\/?s={search_term_string}"},"query-input":{"@type":"PropertyValueSpecification","valueRequired":true,"valueName":"search_term_string"}}],"inLanguage":"es"},{"@type":"Organization","@id":"https:\/\/pedalmoto.com\/blog\/#organization","name":"Pedalmoto Blog","alternateName":"Pedalmoto","url":"https:\/\/pedalmoto.com\/blog\/","logo":{"@type":"ImageObject","inLanguage":"es","@id":"https:\/\/pedalmoto.com\/blog\/#\/schema\/logo\/image\/","url":"http:\/\/pedalmoto.com\/blog\/wp-content\/uploads\/2025\/03\/pedal-moto-logo-1679504248.png","contentUrl":"http:\/\/pedalmoto.com\/blog\/wp-content\/uploads\/2025\/03\/pedal-moto-logo-1679504248.png","width":298,"height":65,"caption":"Pedalmoto Blog"},"image":{"@id":"https:\/\/pedalmoto.com\/blog\/#\/schema\/logo\/image\/"},"sameAs":["https:\/\/www.facebook.com\/Pedalmoto\/?locale=es_ES","https:\/\/www.instagram.com\/pedalmoto\/?hl=es","https:\/\/www.tiktok.com\/@pedalmoto.bicicletas"]},{"@type":"Person","@id":"https:\/\/pedalmoto.com\/blog\/#\/schema\/person\/4b5bbd5f16800ba5a8f19fd450a44f47","name":"Pedalmoto","image":{"@type":"ImageObject","inLanguage":"es","@id":"https:\/\/pedalmoto.com\/blog\/#\/schema\/person\/image\/","url":"https:\/\/secure.gravatar.com\/avatar\/5d5f25bde46bb8d2a3941631f2789624?s=96&d=mm&r=g","contentUrl":"https:\/\/secure.gravatar.com\/avatar\/5d5f25bde46bb8d2a3941631f2789624?s=96&d=mm&r=g","caption":"Pedalmoto"},"description":"Apasionado del ciclismo desde que tiene uso de raz\u00f3n y parte del equipo de Pedalmoto, la tienda online de referencia en Espa\u00f1a. Especializado en asesoramiento t\u00e9cnico sobre bicicletas de monta\u00f1a e-bikes, carretera y gravel. Su d\u00eda a d\u00eda se reparte entre la tienda y las rutas. En el blog de Pedalmoto comparte gu\u00edas, consejos de mantenimiento y todo lo que necesitas saber para sacarle el m\u00e1ximo partido a tu bici.","sameAs":["https:\/\/www.instagram.com\/pedalmoto\/?hl=es"],"url":"https:\/\/pedalmoto.com\/blog\/author\/pedalmoto\/"}]}},"_links":{"self":[{"href":"https:\/\/pedalmoto.com\/blog\/wp-json\/wp\/v2\/posts\/843","targetHints":{"allow":["GET"]}}],"collection":[{"href":"https:\/\/pedalmoto.com\/blog\/wp-json\/wp\/v2\/posts"}],"about":[{"href":"https:\/\/pedalmoto.com\/blog\/wp-json\/wp\/v2\/types\/post"}],"author":[{"embeddable":true,"href":"https:\/\/pedalmoto.com\/blog\/wp-json\/wp\/v2\/users\/2"}],"replies":[{"embeddable":true,"href":"https:\/\/pedalmoto.com\/blog\/wp-json\/wp\/v2\/comments?post=843"}],"version-history":[{"count":5,"href":"https:\/\/pedalmoto.com\/blog\/wp-json\/wp\/v2\/posts\/843\/revisions"}],"predecessor-version":[{"id":852,"href":"https:\/\/pedalmoto.com\/blog\/wp-json\/wp\/v2\/posts\/843\/revisions\/852"}],"wp:featuredmedia":[{"embeddable":true,"href":"https:\/\/pedalmoto.com\/blog\/wp-json\/wp\/v2\/media\/847"}],"wp:attachment":[{"href":"https:\/\/pedalmoto.com\/blog\/wp-json\/wp\/v2\/media?parent=843"}],"wp:term":[{"taxonomy":"category","embeddable":true,"href":"https:\/\/pedalmoto.com\/blog\/wp-json\/wp\/v2\/categories?post=843"},{"taxonomy":"post_tag","embeddable":true,"href":"https:\/\/pedalmoto.com\/blog\/wp-json\/wp\/v2\/tags?post=843"}],"curies":[{"name":"wp","href":"https:\/\/api.w.org\/{rel}","templated":true}]}}