{"id":788,"date":"2025-11-06T11:13:25","date_gmt":"2025-11-06T11:13:25","guid":{"rendered":"https:\/\/pedalmoto.com\/blog\/?p=788"},"modified":"2026-03-30T12:20:46","modified_gmt":"2026-03-30T12:20:46","slug":"cual-es-tu-talla-de-bicicleta-ideal-guia-completa","status":"publish","type":"post","link":"https:\/\/pedalmoto.com\/blog\/cual-es-tu-talla-de-bicicleta-ideal-guia-completa\/","title":{"rendered":"Cu\u00e1l es tu talla de bicicleta ideal: Gu\u00eda completa para ciclistas"},"content":{"rendered":"\n<!-- \u00cdndice del art\u00edculo -->\n<nav id=\"indice-articulo\" style=\"background-color:#f8f8f8; border:1px solid #ddd; padding:15px 20px; margin:25px 0; border-radius:8px;\">\n  <h2 style=\"font-size:1.1em; margin-bottom:10px;\">\u00cdndice del contenido<\/h2>\n  <ul style=\"list-style-type:none; padding-left:0; margin:0;\">\n\n    <li>\n      <a href=\"#diferencias-talla\" style=\"text-decoration:none; color:#0073aa;\">\n        Diferencias entre escoger una talla de bicicleta de monta\u00f1a y de carretera\n      <\/a>\n    <\/li>\n\n    <li style=\"margin-top:8px;\">\n      <a href=\"#geometria-cuadro\" style=\"text-decoration:none; color:#0073aa;\">\n        Cambio en las geometr\u00edas de cuadro\n      <\/a>\n    <\/li>\n\n    <li style=\"margin-top:8px;\">\n      <a href=\"#interpretar-tablas\" style=\"text-decoration:none; color:#0073aa;\">\n        C\u00f3mo interpretar las tablas de tallas de bicicletas\n      <\/a>\n    <\/li>\n\n    <li style=\"margin-top:8px;\">\n      <a href=\"#entre-dos-tallas\" style=\"text-decoration:none; color:#0073aa;\">\n        \u00bfY si tu talla est\u00e1 entre dos medidas?\n      <\/a>\n    <\/li>\n\n    <li style=\"margin-top:8px;\">\n      <a href=\"#asesoramiento-pedalmoto\" style=\"text-decoration:none; color:#0073aa;\">\n        Pedalmoto puede asesorarte de la mejor manera\n      <\/a>\n    <\/li>\n\n  <\/ul>\n<\/nav>\n\n\n\n\n<p>Elegir la talla adecuada <strong>es uno de los pasos m\u00e1s importantes antes de comprar una bicicleta. <\/strong>No se trata solo de comodidad, sino tambi\u00e9n de rendimiento, seguridad y prevenci\u00f3n de lesiones. Muchas personas <strong>se preguntan cu\u00e1l es su talla de bicicleta seg\u00fan estatura o c\u00f3mo calcular entre las distintas tallas de <a href=\"https:\/\/pedalmoto.com\/es\/2001-bicicletas\">bicicletas<\/a> disponibles en el mercado,<\/strong> y es normal que surjan dudas al comparar entre una talla de bicicleta de monta\u00f1a y una talla de bicicleta de carretera.<\/p>\n\n\n\n<p>A continuaci\u00f3n encontrar\u00e1s una gu\u00eda completa que <strong>te ayudar\u00e1 a entender c\u00f3mo se determinan los talles de bicicleta, <\/strong>qu\u00e9 aspectos debes considerar seg\u00fan el tipo de cuadro y c\u00f3mo elegir la medida perfecta para ti.<\/p>\n\n\n\n<h2 class=\"wp-block-heading\" id=\"diferencias-talla\">Diferencias entre escoger una talla de bicicleta de monta\u00f1a y de carretera<\/h2>\n\n\n\n<p>La elecci\u00f3n de talla cambia seg\u00fan el tipo de bicicleta que vayas a utilizar. Las <strong>bicicletas de monta\u00f1a<\/strong> y las <strong>bicicletas de carretera<\/strong> se dise\u00f1an con geometr\u00edas diferentes, adaptadas a sus respectivos usos.<\/p>\n\n\n\n<h3 class=\"wp-block-heading\" id=\"talla-montana\">Aspectos a tener en cuenta a la hora de escoger tu talla de bicicleta de monta\u00f1a<\/h3>\n\n\n\n<p>En una bicicleta de monta\u00f1a,<strong> la prioridad es la estabilidad y el control, <\/strong>por lo tanto, las tallas se determinan principalmente por la longitud del tubo del sill\u00edn y por la distancia entre el eje del pedalier y el tubo superior. Estas medidas <strong>te ayudan a mantener una postura m\u00e1s relajada y segura en terrenos irregulares.<\/strong><\/p>\n\n\n\n<p><strong>Un detalle clave es que las tallas bicicleta de monta\u00f1a suelen expresarse en pulgadas<\/strong>, y suelen tener una horquilla m\u00e1s amplia para adaptarse a distintos tipos de conducci\u00f3n. Por ejemplo, si te gusta el trail o el enduro, <strong>puede ser recomendable optar por una talla ligeramente menor para mejorar la maniobrabilidad, mientras que si haces rutas largas o de cross country, una talla m\u00e1s grande puede ofrecerte mayor comodidad y eficiencia al pedalear.<\/strong><\/p>\n\n\n\n<p>Tambi\u00e9n debes tener en cuenta la longitud del tubo superior y el reach, ya que influyen directamente en la posici\u00f3n del cuerpo sobre la bici. <strong>Si tu torso es m\u00e1s corto o largo de lo habitual, quiz\u00e1 te convenga una talla diferente a la que corresponder\u00eda solo por tu estatura.<\/strong><\/p>\n\n\n\n<h3 class=\"wp-block-heading\" id=\"talla-carretera\">Aspectos a tener en cuenta a la hora de escoger tu talla de bicicleta de carretera<\/h3>\n\n\n\n<p>En el caso de las <a href=\"https:\/\/pedalmoto.com\/es\/3001-bicicletas-de-carretera\">bicicletas de carretera<\/a>, la precisi\u00f3n en l<strong>a talla es a\u00fan m\u00e1s importante, ya que el pedaleo continuo durante muchos kil\u00f3metros requiere una postura equilibrada que evite sobrecargar m\u00fasculos o articulaciones.<\/strong><\/p>\n\n\n\n<p>La talla de una bicicleta de carretera se mide generalmente en cent\u00edmetros, y <strong>la referencia principal es la altura del cuadro, <\/strong>que determina c\u00f3mo se distribuye tu peso entre el sill\u00edn y el manillar. En estas bicicletas, un par de cent\u00edmetros pueden marcar una gran diferencia en la comodidad y el rendimiento.<\/p>\n\n\n\n<p><strong>La elecci\u00f3n correcta te permitir\u00e1 mantener una posici\u00f3n aerodin\u00e1mica sin forzar la espalda ni el cuello<\/strong>, y aprovechar mejor la potencia de cada pedalada. Adem\u00e1s, el tipo de conducci\u00f3n (m\u00e1s relajada o competitiva) influir\u00e1 en el ajuste final: una posici\u00f3n m\u00e1s agresiva requiere una geometr\u00eda m\u00e1s compacta, mientras que para un uso recreativo conviene una talla que ofrezca m\u00e1s confort.<\/p>\n\n\n\n<figure class=\"wp-block-image size-full\"><img loading=\"lazy\" decoding=\"async\" width=\"934\" height=\"622\" src=\"http:\/\/pedalmoto.com\/blog\/wp-content\/uploads\/2025\/11\/talla-bicicletas.jpg\" alt=\"talla bicicletas\" class=\"wp-image-796\" srcset=\"https:\/\/pedalmoto.com\/blog\/wp-content\/uploads\/2025\/11\/talla-bicicletas.jpg 934w, https:\/\/pedalmoto.com\/blog\/wp-content\/uploads\/2025\/11\/talla-bicicletas-300x200.jpg 300w, https:\/\/pedalmoto.com\/blog\/wp-content\/uploads\/2025\/11\/talla-bicicletas-768x511.jpg 768w\" sizes=\"auto, (max-width: 934px) 100vw, 934px\" \/><\/figure>\n\n\n\n<h2 class=\"wp-block-heading\" id=\"geometria-cuadro\">Cambio en las geometr\u00edas de cuadro<\/h2>\n\n\n\n<p>En los \u00faltimos a\u00f1os, los fabricantes han modificado las geometr\u00edas de los cuadros para adaptarse mejor a las diferentes modalidades de ciclismo, <strong>lo que significa que dos bicicletas de la misma talla pueden comportarse de forma distinta seg\u00fan su dise\u00f1o.<\/strong><\/p>\n\n\n\n<p>Las tallas de bicicletas modernas no se definen solo por la altura del tubo, <strong>sino tambi\u00e9n por la longitud del reach (alcance horizontal) y el stack (altura del cuadro). <\/strong>Estas medidas determinan la sensaci\u00f3n de espacio en la bici y la forma en la que te posicionas sobre ella.<\/p>\n\n\n\n<p><strong>Entender la geometr\u00eda del cuadro es esencial para encontrar tu talla ideal<\/strong>, porque una bici con un reach m\u00e1s largo puede sentirse m\u00e1s estable en descensos, mientras que una con un stack m\u00e1s alto resulta m\u00e1s c\u00f3moda para trayectos prolongados.<\/p>\n\n\n\n<p>Por ello, es importante no basarse \u00fanicamente en la talla num\u00e9rica. Dos marcas diferentes pueden etiquetar una bicicleta como \u201cM\u201d, pero ofrecer dimensiones muy distintas. <strong>Lo recomendable es siempre revisar la tabla de tallas del fabricante y, si es posible, probar el modelo antes de decidir.<\/strong><\/p>\n\n\n\n<h2 class=\"wp-block-heading\" id=\"interpretar-tablas\">C\u00f3mo interpretar las tablas de tallas de bicicletas<\/h2>\n\n\n\n<p>Para facilitar la elecci\u00f3n de tu talla ideal, en lugar de una calculadora hemos preparado <strong>una serie de tablas de referencia que te ayudar\u00e1n a orientarte r\u00e1pidamente seg\u00fan tu estatura.<\/strong> Estas tablas combinan informaci\u00f3n recopilada de m\u00e1s de 30 fabricantes y<strong> muestran las equivalencias m\u00e1s habituales entre tallas gen\u00e9ricas (XS, S, M, L\u2026), <\/strong>medidas en cent\u00edmetros para bicicletas de carretera y medidas en pulgadas para bicicletas de monta\u00f1a.<\/p>\n\n\n\n<p>Aunque cada marca puede presentar ligeras variaciones en la geometr\u00eda del cuadro, <strong>estas tablas te servir\u00e1n como punto de partida para saber qu\u00e9 talla se ajusta mejor a tus necesidades. <\/strong>Siempre es recomendable revisar tambi\u00e9n la gu\u00eda de tallas del fabricante espec\u00edfico del modelo que te interese.<\/p>\n\n\n\n<h3 class=\"wp-block-heading\">Talla gen\u00e9rica, cent\u00edmetros y pulgadas<\/h3>\n\n\n\n<style>\n.pm-table {\n  width: 100%;\n  border-collapse: collapse;\n  margin: 25px 0;\n  font-size: 16px;\n  background: #ffffff;\n  border-radius: 6px;\n  overflow: hidden;\n}\n.pm-table thead {\n  background: #009FE3;\n  color: #ffffff;\n}\n.pm-table th, .pm-table td {\n  padding: 14px;\n  text-align: center;\n  border-bottom: 1px solid #D9F1FF;\n}\n.pm-table tbody tr:nth-child(even) {\n  background: #F4FAFF;\n}\n.pm-table tbody tr:hover {\n  background: #D9F1FF;\n}\n.pm-table th {\n  font-weight: 600;\n}\n<\/style>\n\n<table class=\"pm-table\">\n<thead>\n<tr>\n<th>Talla gen\u00e9rica<\/th>\n<th>Talla en cent\u00edmetros<\/th>\n<th>Talla en pulgadas<\/th>\n<\/tr>\n<\/thead>\n<tbody>\n<tr><td>XS<\/td><td>46, 47, 48, 49<\/td><td>14&#8243;<\/td><\/tr>\n<tr><td>S<\/td><td>50, 51, 52, 53<\/td><td>15&#8243;, 16&#8243;<\/td><\/tr>\n<tr><td>M<\/td><td>54, 55, 56<\/td><td>17&#8243;, 18&#8243;<\/td><\/tr>\n<tr><td>L<\/td><td>57, 58, 59<\/td><td>19&#8243;, 20&#8243;<\/td><\/tr>\n<tr><td>XL<\/td><td>60, 61<\/td><td>21&#8243;, 22&#8243;<\/td><\/tr>\n<tr><td>XXL<\/td><td>62+<\/td><td>23&#8243;<\/td><\/tr>\n<\/tbody>\n<\/table>\n\n\n\n\n<h3 class=\"wp-block-heading\">C\u00f3mo calcular tu talla seg\u00fan tu altura<\/h3>\n\n\n\n<table class=\"pm-table\">\n<thead>\n<tr>\n<th>T\u00fa mides<\/th>\n<th>Talla carretera (cm)<\/th>\n<th>Talla MTB (pulgadas)<\/th>\n<th>Talla gen\u00e9rica<\/th>\n<\/tr>\n<\/thead>\n<tbody>\n<tr><td>De 1,55 a 1,60<\/td><td>47 \u2013 48 \u2013 49<\/td><td>14 \u2013 15<\/td><td>XS<\/td><\/tr>\n<tr><td>De 1,61 a 1,65<\/td><td>49 \u2013 50 \u2013 51<\/td><td>15 \u2013 16<\/td><td>S<\/td><\/tr>\n<tr><td>De 1,66 a 1,70<\/td><td>51 \u2013 52 \u2013 53<\/td><td>16 \u2013 17<\/td><td>S<\/td><\/tr>\n<tr><td>De 1,71 a 1,75<\/td><td>53 \u2013 54 \u2013 55<\/td><td>17 \u2013 18<\/td><td>M<\/td><\/tr>\n<tr><td>De 1,76 a 1,80<\/td><td>55 \u2013 56 \u2013 57<\/td><td>18 \u2013 19<\/td><td>M<\/td><\/tr>\n<tr><td>De 1,81 a 1,85<\/td><td>57 \u2013 58 \u2013 59<\/td><td>19 \u2013 20<\/td><td>L<\/td><\/tr>\n<tr><td>De 1,86 a 1,90<\/td><td>59 \u2013 60 \u2013 61<\/td><td>20 \u2013 21<\/td><td>L<\/td><\/tr>\n<tr><td>+1,90<\/td><td>61+<\/td><td>22<\/td><td>XL<\/td><\/tr>\n<\/tbody>\n<\/table>\n\n\n\n\n<h2 class=\"wp-block-heading\" id=\"entre-dos-tallas\">\u00bfY si tu talla est\u00e1 entre dos medidas?<\/h2>\n\n\n\n<p>Esta es una de las situaciones m\u00e1s comunes al buscar una bicicleta nueva, <strong>por lo que si te encuentras entre dos tallas, no hay una respuesta universal, pero s\u00ed varios criterios que pueden ayudarte a decidir.<\/strong><\/p>\n\n\n\n<p>En general, <strong>si prefieres una postura m\u00e1s deportiva y \u00e1gil te conviene elegir la talla menor. <\/strong>En cambio, si buscas una posici\u00f3n m\u00e1s c\u00f3moda y relajada, la talla superior puede ofrecerte una mejor experiencia.<\/p>\n\n\n\n<p>En las <a href=\"https:\/\/pedalmoto.com\/es\/3002-bicicletas-mtb\">bicicletas de monta\u00f1a<\/a>,<strong> optar por una talla m\u00e1s peque\u00f1a puede facilitar el manejo en zonas t\u00e9cnicas y descensos, mientras que en las de carretera una talla m\u00e1s grande puede mejorar la estabilidad en largas distancias.<\/strong><\/p>\n\n\n\n<p><strong>Lo ideal es probar ambas opciones si tienes oportunidad, ya que peque\u00f1os ajustes en la altura del sill\u00edn, la potencia o el manillar pueden compensar la diferencia entre tallas.<\/strong><\/p>\n\n\n\n<p>Tambi\u00e9n puedes recurrir al asesoramiento de expertos que te ayuden a realizar un bike fitting, un estudio biomec\u00e1nico que analiza tu postura y tus medidas para definir la configuraci\u00f3n perfecta.<\/p>\n\n\n\n<h2 class=\"wp-block-heading\" id=\"asesoramiento-pedalmoto\">Pedalmoto puede asesorarte de la mejor manera<\/h2>\n\n\n\n<p>En Pedalmoto sabemos que cada ciclista es diferente y que encontrar la talla perfecta es clave para disfrutar del ciclismo con seguridad y comodidad. <strong>Nuestro equipo puede ayudarte a determinar cu\u00e1l es tu talla ideal, <\/strong>explicarte las diferencias entre cuadros, componentes y estilos de conducci\u00f3n, y ajustar tu bicicleta para que se adapte completamente a ti.<\/p>\n\n\n\n<p><strong>Contar con el asesoramiento adecuado te permite aprovechar al m\u00e1ximo tu bicicleta, pedalear con m\u00e1s eficiencia y evitar molestias innecesarias.<\/strong> Adem\u00e1s, si a\u00fan no has elegido tu modelo, en nuestra tienda encontrar\u00e1s una amplia gama de bicicletas, tanto bicicletas de carretera como bicicletas de monta\u00f1a, con opciones para todos los niveles y necesidades.<\/p>\n\n\n\n<p>En definitiva, conocer tu talla ideal no solo mejora tu rendimiento, <strong>sino que transforma tu experiencia sobre las dos ruedas. <\/strong>Con la gu\u00eda adecuada y quiz\u00e1s un poco de ayuda profesional, <strong>podr\u00e1s disfrutar de cada ruta con la seguridad de que tu bici encaja contigo a la perfecci\u00f3n.<\/strong><\/p>\n\n\n\n<div class=\"external-products-container\"><div class=\"trv-containers-products\">\n            <article class=\"bike-card text-left\">\n                <a href=\"https:\/\/pedalmoto.com\/es\/bicicletas-electricas-de-montana\/5883-cube-reaction-hybrid-slx-750-2023.html\" title=\"Cube Reaction Hybrid SLX 750 2024\">\n                    <div class=\"flags\"><span class=\"badge badge-discount ms-2 mr-2\">-36%<\/span><\/div>\n                    <img decoding=\"async\" src=\"https:\/\/pedalmoto.com\/11129-home_default\/cube-reaction-hybrid-slx-750-2023.jpg\" alt=\"Cube Reaction Hybrid SLX 750 2024\" class=\"product-img img-responsive\" loading=\"lazy\" \/>\n                    <span class=\"bike-title m-0 mb-2 title-h\">Cube Reaction Hybrid SLX 750 2024<\/span>\n                    <span class=\"prices\">\n                        <span class=\"price h4\">2.699,00\u00a0\u20ac<\/span><span class=\"price h4 small\"><span class=\"old-price\">4.249,00\u00a0\u20ac<\/span><\/span>\n                    <\/span>\n                <\/a>\n            <\/article>\n        \n            <article class=\"bike-card text-left\">\n                <a href=\"https:\/\/pedalmoto.com\/es\/-bicicletas-para-ninos\/6962-megamo-go-20-2025.html\" title=\"Megamo Go 20\" 2026\">\n                    \n                    <img decoding=\"async\" src=\"https:\/\/pedalmoto.com\/14731-home_default\/megamo-go-20-2025.jpg\" alt=\"Megamo Go 20\" 2026\" class=\"product-img img-responsive\" loading=\"lazy\" \/>\n                    <span class=\"bike-title m-0 mb-2 title-h\">Megamo Go 20\" 2026<\/span>\n                    <span class=\"prices\">\n                        <span class=\"price h4\">269,00\u00a0\u20ac<\/span>\n                    <\/span>\n                <\/a>\n            <\/article>\n        \n            <article class=\"bike-card text-left\">\n                <a href=\"https:\/\/pedalmoto.com\/es\/bicicletas-electricas-de-montana\/7232-cube-ams-hybrid-one44-c68x-tm-400x-2024.html\" title=\"Cube Ams Hybrid One44 C:68X TM 400x 2025\">\n                    <div class=\"flags\"><span class=\"badge badge-discount ms-2 mr-2\">-24%<\/span><\/div>\n                    <img decoding=\"async\" src=\"https:\/\/pedalmoto.com\/14078-home_default\/cube-ams-hybrid-one44-c68x-tm-400x-2024.jpg\" alt=\"Cube Ams Hybrid One44 C:68X TM 400x 2025\" class=\"product-img img-responsive\" loading=\"lazy\" \/>\n                    <span class=\"bike-title m-0 mb-2 title-h\">Cube Ams Hybrid One44 C:68X TM 400x 2025<\/span>\n                    <span class=\"prices\">\n                        <span class=\"price h4\">5.099,00\u00a0\u20ac<\/span><span class=\"price h4 small\"><span class=\"old-price\">6.699,00\u00a0\u20ac<\/span><\/span>\n                    <\/span>\n                <\/a>\n            <\/article>\n        \n            <article class=\"bike-card text-left\">\n                <a href=\"https:\/\/pedalmoto.com\/es\/bicicletas-electricas-de-montana\/7285-cube-ams-hybrid-one44-c68x-slt-400x-2024.html\" title=\"Cube AMS Hybrid One44 C:68x SLT 400x 2025\">\n                    <div class=\"flags\"><span class=\"badge badge-discount ms-2 mr-2\">-28%<\/span><\/div>\n                    <img decoding=\"async\" src=\"https:\/\/pedalmoto.com\/14349-home_default\/cube-ams-hybrid-one44-c68x-slt-400x-2024.jpg\" alt=\"Cube AMS Hybrid One44 C:68x SLT 400x 2025\" class=\"product-img img-responsive\" loading=\"lazy\" \/>\n                    <span class=\"bike-title m-0 mb-2 title-h\">Cube AMS Hybrid One44 C:68x SLT 400x 2025<\/span>\n                    <span class=\"prices\">\n                        <span class=\"price h4\">5.999,00\u00a0\u20ac<\/span><span class=\"price h4 small\"><span class=\"old-price\">8.299,00\u00a0\u20ac<\/span><\/span>\n                    <\/span>\n                <\/a>\n            <\/article>\n        \n            <article class=\"bike-card text-left\">\n                <a href=\"https:\/\/pedalmoto.com\/es\/bicicletas-de-carretera\/7388-giant-tcr-advanced-2-pc-2025.html\" title=\"Giant Tcr Advanced 2 PC 2025\">\n                    <div class=\"flags\"><span class=\"badge badge-discount ms-2 mr-2\">-35%<\/span><\/div>\n                    <img decoding=\"async\" src=\"https:\/\/pedalmoto.com\/14675-home_default\/giant-tcr-advanced-2-pc-2025.jpg\" alt=\"Giant Tcr Advanced 2 PC 2025\" class=\"product-img img-responsive\" loading=\"lazy\" \/>\n                    <span class=\"bike-title m-0 mb-2 title-h\">Giant Tcr Advanced 2 PC 2025<\/span>\n                    <span class=\"prices\">\n                        <span class=\"price h4\">1.819,35\u00a0\u20ac<\/span><span class=\"price h4 small\"><span class=\"old-price\">2.799,00\u00a0\u20ac<\/span><\/span>\n                    <\/span>\n                <\/a>\n            <\/article>\n        \n            <article class=\"bike-card text-left\">\n                <a href=\"https:\/\/pedalmoto.com\/es\/bicicletas-de-carretera\/7389-giant-tcr-advanced-pro-1-di2-2025.html\" title=\"Giant Tcr Advanced Pro 1 Di2 2025\">\n                    <div class=\"flags\"><span class=\"badge badge-discount ms-2 mr-2\">-36%<\/span><\/div>\n                    <img decoding=\"async\" src=\"https:\/\/pedalmoto.com\/14679-home_default\/giant-tcr-advanced-pro-1-di2-2025.jpg\" alt=\"Giant Tcr Advanced Pro 1 Di2 2025\" class=\"product-img img-responsive\" loading=\"lazy\" \/>\n                    <span class=\"bike-title m-0 mb-2 title-h\">Giant Tcr Advanced Pro 1 Di2 2025<\/span>\n                    <span class=\"prices\">\n                        <span class=\"price h4\">2.997,96\u00a0\u20ac<\/span><span class=\"price h4 small\"><span class=\"old-price\">4.699,00\u00a0\u20ac<\/span><\/span>\n                    <\/span>\n                <\/a>\n            <\/article>\n        \n            <article class=\"bike-card text-left\">\n                <a href=\"https:\/\/pedalmoto.com\/es\/bicicletas-de-carretera\/7390-giant-tcr-advanced-0-pc-2025.html\" title=\"Giant Tcr Advanced 0 PC 2025\">\n                    <div class=\"flags\"><span class=\"badge badge-discount ms-2 mr-2\">-33%<\/span><\/div>\n                    <img decoding=\"async\" src=\"https:\/\/pedalmoto.com\/14680-home_default\/giant-tcr-advanced-0-pc-2025.jpg\" alt=\"Giant Tcr Advanced 0 PC 2025\" class=\"product-img img-responsive\" loading=\"lazy\" \/>\n                    <span class=\"bike-title m-0 mb-2 title-h\">Giant Tcr Advanced 0 PC 2025<\/span>\n                    <span class=\"prices\">\n                        <span class=\"price h4\">2.699,00\u00a0\u20ac<\/span><span class=\"price h4 small\"><span class=\"old-price\">3.999,00\u00a0\u20ac<\/span><\/span>\n                    <\/span>\n                <\/a>\n            <\/article>\n        \n            <article class=\"bike-card text-left\">\n                <a href=\"https:\/\/pedalmoto.com\/es\/bicicletas-de-carretera\/7492-giant-tcr-advanced-pro-0-di2-2026.html\" title=\"Giant Tcr Advanced Pro 0 Di2 2025\">\n                    <div class=\"flags\"><span class=\"badge badge-discount ms-2 mr-2\">-38%<\/span><\/div>\n                    <img decoding=\"async\" src=\"https:\/\/pedalmoto.com\/18953-home_default\/giant-tcr-advanced-pro-0-di2-2026.jpg\" alt=\"Giant Tcr Advanced Pro 0 Di2 2025\" class=\"product-img img-responsive\" loading=\"lazy\" \/>\n                    <span class=\"bike-title m-0 mb-2 title-h\">Giant Tcr Advanced Pro 0 Di2 2025<\/span>\n                    <span class=\"prices\">\n                        <span class=\"price h4\">3.999,00\u00a0\u20ac<\/span><span class=\"price h4 small\"><span class=\"old-price\">6.499,00\u00a0\u20ac<\/span><\/span>\n                    <\/span>\n                <\/a>\n            <\/article>\n        <\/div><\/div>\n","protected":false},"excerpt":{"rendered":"<p>\u00cdndice del contenido Diferencias entre escoger una talla de bicicleta de monta\u00f1a y de carretera Cambio en las geometr\u00edas de cuadro C\u00f3mo interpretar las tablas de tallas de bicicletas \u00bfY si tu talla est\u00e1 entre dos medidas? Pedalmoto puede asesorarte de la mejor manera Elegir la talla adecuada es uno de los pasos m\u00e1s importantes [&hellip;]<\/p>\n","protected":false},"author":2,"featured_media":795,"comment_status":"open","ping_status":"open","sticky":false,"template":"","format":"standard","meta":{"_acf_changed":false,"footnotes":""},"categories":[133],"tags":[],"class_list":["post-788","post","type-post","status-publish","format-standard","has-post-thumbnail","hentry","category-guias-de-compra-y-comparativas"],"acf":[],"yoast_head":"<!-- This site is optimized with the Yoast SEO plugin v24.7 - https:\/\/yoast.com\/wordpress\/plugins\/seo\/ -->\n<title>Cu\u00e1l es tu talla de bicicleta: Gu\u00eda completa para ciclistas<\/title>\n<meta name=\"description\" content=\"Descubre qu\u00e9 talla de bicicleta necesitas seg\u00fan tu altura. Gu\u00eda completa para bicicletas, consejos de elecci\u00f3n y asesoramiento en Pedalmoto.\" \/>\n<meta name=\"robots\" content=\"index, follow, max-snippet:-1, max-image-preview:large, max-video-preview:-1\" \/>\n<link rel=\"canonical\" href=\"https:\/\/pedalmoto.com\/blog\/cual-es-tu-talla-de-bicicleta-ideal-guia-completa\/\" \/>\n<meta property=\"og:locale\" content=\"es_ES\" \/>\n<meta property=\"og:type\" content=\"article\" \/>\n<meta property=\"og:title\" content=\"Cu\u00e1l es tu talla de bicicleta: Gu\u00eda completa para ciclistas\" \/>\n<meta property=\"og:description\" content=\"Descubre qu\u00e9 talla de bicicleta necesitas seg\u00fan tu altura. Gu\u00eda completa para bicicletas, consejos de elecci\u00f3n y asesoramiento en Pedalmoto.\" \/>\n<meta property=\"og:url\" content=\"https:\/\/pedalmoto.com\/blog\/cual-es-tu-talla-de-bicicleta-ideal-guia-completa\/\" \/>\n<meta property=\"og:site_name\" content=\"Pedalmoto Blog\" \/>\n<meta property=\"article:publisher\" content=\"https:\/\/www.facebook.com\/Pedalmoto\/?locale=es_ES\" \/>\n<meta property=\"article:published_time\" content=\"2025-11-06T11:13:25+00:00\" \/>\n<meta property=\"article:modified_time\" content=\"2026-03-30T12:20:46+00:00\" \/>\n<meta property=\"og:image\" content=\"http:\/\/pedalmoto.com\/blog\/wp-content\/uploads\/2025\/11\/talles-bicicleta.jpg\" \/>\n\t<meta property=\"og:image:width\" content=\"934\" \/>\n\t<meta property=\"og:image:height\" content=\"622\" \/>\n\t<meta property=\"og:image:type\" content=\"image\/jpeg\" \/>\n<meta name=\"author\" content=\"Pedalmoto\" \/>\n<meta name=\"twitter:card\" content=\"summary_large_image\" \/>\n<meta name=\"twitter:label1\" content=\"Written by\" \/>\n\t<meta name=\"twitter:data1\" content=\"Pedalmoto\" \/>\n\t<meta name=\"twitter:label2\" content=\"Est. reading time\" \/>\n\t<meta name=\"twitter:data2\" content=\"7 minutos\" \/>\n<!-- \/ Yoast SEO plugin. -->","yoast_head_json":{"title":"Cu\u00e1l es tu talla de bicicleta: Gu\u00eda completa para ciclistas","description":"Descubre qu\u00e9 talla de bicicleta necesitas seg\u00fan tu altura. Gu\u00eda completa para bicicletas, consejos de elecci\u00f3n y asesoramiento en Pedalmoto.","robots":{"index":"index","follow":"follow","max-snippet":"max-snippet:-1","max-image-preview":"max-image-preview:large","max-video-preview":"max-video-preview:-1"},"canonical":"https:\/\/pedalmoto.com\/blog\/cual-es-tu-talla-de-bicicleta-ideal-guia-completa\/","og_locale":"es_ES","og_type":"article","og_title":"Cu\u00e1l es tu talla de bicicleta: Gu\u00eda completa para ciclistas","og_description":"Descubre qu\u00e9 talla de bicicleta necesitas seg\u00fan tu altura. Gu\u00eda completa para bicicletas, consejos de elecci\u00f3n y asesoramiento en Pedalmoto.","og_url":"https:\/\/pedalmoto.com\/blog\/cual-es-tu-talla-de-bicicleta-ideal-guia-completa\/","og_site_name":"Pedalmoto Blog","article_publisher":"https:\/\/www.facebook.com\/Pedalmoto\/?locale=es_ES","article_published_time":"2025-11-06T11:13:25+00:00","article_modified_time":"2026-03-30T12:20:46+00:00","og_image":[{"width":934,"height":622,"url":"http:\/\/pedalmoto.com\/blog\/wp-content\/uploads\/2025\/11\/talles-bicicleta.jpg","type":"image\/jpeg"}],"author":"Pedalmoto","twitter_card":"summary_large_image","twitter_misc":{"Written by":"Pedalmoto","Est. reading time":"7 minutos"},"schema":{"@context":"https:\/\/schema.org","@graph":[{"@type":"Article","@id":"https:\/\/pedalmoto.com\/blog\/cual-es-tu-talla-de-bicicleta-ideal-guia-completa\/#article","isPartOf":{"@id":"https:\/\/pedalmoto.com\/blog\/cual-es-tu-talla-de-bicicleta-ideal-guia-completa\/"},"author":{"name":"Pedalmoto","@id":"https:\/\/pedalmoto.com\/blog\/#\/schema\/person\/4b5bbd5f16800ba5a8f19fd450a44f47"},"headline":"Cu\u00e1l es tu talla de bicicleta ideal: Gu\u00eda completa para ciclistas","datePublished":"2025-11-06T11:13:25+00:00","dateModified":"2026-03-30T12:20:46+00:00","mainEntityOfPage":{"@id":"https:\/\/pedalmoto.com\/blog\/cual-es-tu-talla-de-bicicleta-ideal-guia-completa\/"},"wordCount":1398,"commentCount":0,"publisher":{"@id":"https:\/\/pedalmoto.com\/blog\/#organization"},"image":{"@id":"https:\/\/pedalmoto.com\/blog\/cual-es-tu-talla-de-bicicleta-ideal-guia-completa\/#primaryimage"},"thumbnailUrl":"https:\/\/pedalmoto.com\/blog\/wp-content\/uploads\/2025\/11\/talles-bicicleta.jpg","articleSection":["Gu\u00edas de compra y comparativas"],"inLanguage":"es","potentialAction":[{"@type":"CommentAction","name":"Comment","target":["https:\/\/pedalmoto.com\/blog\/cual-es-tu-talla-de-bicicleta-ideal-guia-completa\/#respond"]}]},{"@type":"WebPage","@id":"https:\/\/pedalmoto.com\/blog\/cual-es-tu-talla-de-bicicleta-ideal-guia-completa\/","url":"https:\/\/pedalmoto.com\/blog\/cual-es-tu-talla-de-bicicleta-ideal-guia-completa\/","name":"Cu\u00e1l es tu talla de bicicleta: Gu\u00eda completa para ciclistas","isPartOf":{"@id":"https:\/\/pedalmoto.com\/blog\/#website"},"primaryImageOfPage":{"@id":"https:\/\/pedalmoto.com\/blog\/cual-es-tu-talla-de-bicicleta-ideal-guia-completa\/#primaryimage"},"image":{"@id":"https:\/\/pedalmoto.com\/blog\/cual-es-tu-talla-de-bicicleta-ideal-guia-completa\/#primaryimage"},"thumbnailUrl":"https:\/\/pedalmoto.com\/blog\/wp-content\/uploads\/2025\/11\/talles-bicicleta.jpg","datePublished":"2025-11-06T11:13:25+00:00","dateModified":"2026-03-30T12:20:46+00:00","description":"Descubre qu\u00e9 talla de bicicleta necesitas seg\u00fan tu altura. Gu\u00eda completa para bicicletas, consejos de elecci\u00f3n y asesoramiento en Pedalmoto.","breadcrumb":{"@id":"https:\/\/pedalmoto.com\/blog\/cual-es-tu-talla-de-bicicleta-ideal-guia-completa\/#breadcrumb"},"inLanguage":"es","potentialAction":[{"@type":"ReadAction","target":["https:\/\/pedalmoto.com\/blog\/cual-es-tu-talla-de-bicicleta-ideal-guia-completa\/"]}]},{"@type":"ImageObject","inLanguage":"es","@id":"https:\/\/pedalmoto.com\/blog\/cual-es-tu-talla-de-bicicleta-ideal-guia-completa\/#primaryimage","url":"https:\/\/pedalmoto.com\/blog\/wp-content\/uploads\/2025\/11\/talles-bicicleta.jpg","contentUrl":"https:\/\/pedalmoto.com\/blog\/wp-content\/uploads\/2025\/11\/talles-bicicleta.jpg","width":934,"height":622,"caption":"talles bicicleta"},{"@type":"BreadcrumbList","@id":"https:\/\/pedalmoto.com\/blog\/cual-es-tu-talla-de-bicicleta-ideal-guia-completa\/#breadcrumb","itemListElement":[{"@type":"ListItem","position":1,"name":"Inicio","item":"https:\/\/pedalmoto.com\/es\/"},{"@type":"ListItem","position":2,"name":"Blog","item":"https:\/\/pedalmoto.com\/blog\/"},{"@type":"ListItem","position":3,"name":"Cu\u00e1l es tu talla de bicicleta ideal: Gu\u00eda completa para ciclistas"}]},{"@type":"WebSite","@id":"https:\/\/pedalmoto.com\/blog\/#website","url":"https:\/\/pedalmoto.com\/blog\/","name":"Pedalmoto Blog","description":"","publisher":{"@id":"https:\/\/pedalmoto.com\/blog\/#organization"},"alternateName":"El blog de Pedalmoto","potentialAction":[{"@type":"SearchAction","target":{"@type":"EntryPoint","urlTemplate":"https:\/\/pedalmoto.com\/blog\/?s={search_term_string}"},"query-input":{"@type":"PropertyValueSpecification","valueRequired":true,"valueName":"search_term_string"}}],"inLanguage":"es"},{"@type":"Organization","@id":"https:\/\/pedalmoto.com\/blog\/#organization","name":"Pedalmoto Blog","alternateName":"Pedalmoto","url":"https:\/\/pedalmoto.com\/blog\/","logo":{"@type":"ImageObject","inLanguage":"es","@id":"https:\/\/pedalmoto.com\/blog\/#\/schema\/logo\/image\/","url":"http:\/\/pedalmoto.com\/blog\/wp-content\/uploads\/2025\/03\/pedal-moto-logo-1679504248.png","contentUrl":"http:\/\/pedalmoto.com\/blog\/wp-content\/uploads\/2025\/03\/pedal-moto-logo-1679504248.png","width":298,"height":65,"caption":"Pedalmoto Blog"},"image":{"@id":"https:\/\/pedalmoto.com\/blog\/#\/schema\/logo\/image\/"},"sameAs":["https:\/\/www.facebook.com\/Pedalmoto\/?locale=es_ES","https:\/\/www.instagram.com\/pedalmoto\/?hl=es","https:\/\/www.tiktok.com\/@pedalmoto.bicicletas"]},{"@type":"Person","@id":"https:\/\/pedalmoto.com\/blog\/#\/schema\/person\/4b5bbd5f16800ba5a8f19fd450a44f47","name":"Pedalmoto","image":{"@type":"ImageObject","inLanguage":"es","@id":"https:\/\/pedalmoto.com\/blog\/#\/schema\/person\/image\/","url":"https:\/\/secure.gravatar.com\/avatar\/5d5f25bde46bb8d2a3941631f2789624?s=96&d=mm&r=g","contentUrl":"https:\/\/secure.gravatar.com\/avatar\/5d5f25bde46bb8d2a3941631f2789624?s=96&d=mm&r=g","caption":"Pedalmoto"},"description":"Apasionado del ciclismo desde que tiene uso de raz\u00f3n y parte del equipo de Pedalmoto, la tienda online de referencia en Espa\u00f1a. Especializado en asesoramiento t\u00e9cnico sobre bicicletas de monta\u00f1a e-bikes, carretera y gravel. Su d\u00eda a d\u00eda se reparte entre la tienda y las rutas. En el blog de Pedalmoto comparte gu\u00edas, consejos de mantenimiento y todo lo que necesitas saber para sacarle el m\u00e1ximo partido a tu bici.","sameAs":["https:\/\/www.instagram.com\/pedalmoto\/?hl=es"],"url":"https:\/\/pedalmoto.com\/blog\/author\/pedalmoto\/"}]}},"_links":{"self":[{"href":"https:\/\/pedalmoto.com\/blog\/wp-json\/wp\/v2\/posts\/788","targetHints":{"allow":["GET"]}}],"collection":[{"href":"https:\/\/pedalmoto.com\/blog\/wp-json\/wp\/v2\/posts"}],"about":[{"href":"https:\/\/pedalmoto.com\/blog\/wp-json\/wp\/v2\/types\/post"}],"author":[{"embeddable":true,"href":"https:\/\/pedalmoto.com\/blog\/wp-json\/wp\/v2\/users\/2"}],"replies":[{"embeddable":true,"href":"https:\/\/pedalmoto.com\/blog\/wp-json\/wp\/v2\/comments?post=788"}],"version-history":[{"count":26,"href":"https:\/\/pedalmoto.com\/blog\/wp-json\/wp\/v2\/posts\/788\/revisions"}],"predecessor-version":[{"id":827,"href":"https:\/\/pedalmoto.com\/blog\/wp-json\/wp\/v2\/posts\/788\/revisions\/827"}],"wp:featuredmedia":[{"embeddable":true,"href":"https:\/\/pedalmoto.com\/blog\/wp-json\/wp\/v2\/media\/795"}],"wp:attachment":[{"href":"https:\/\/pedalmoto.com\/blog\/wp-json\/wp\/v2\/media?parent=788"}],"wp:term":[{"taxonomy":"category","embeddable":true,"href":"https:\/\/pedalmoto.com\/blog\/wp-json\/wp\/v2\/categories?post=788"},{"taxonomy":"post_tag","embeddable":true,"href":"https:\/\/pedalmoto.com\/blog\/wp-json\/wp\/v2\/tags?post=788"}],"curies":[{"name":"wp","href":"https:\/\/api.w.org\/{rel}","templated":true}]}}